{"id":3278,"date":"2015-10-28T21:33:16","date_gmt":"2015-10-28T20:33:16","guid":{"rendered":"https:\/\/ville-valdeblore.fr\/?p=3278"},"modified":"2015-11-07T18:26:29","modified_gmt":"2015-11-07T17:26:29","slug":"le-college-saint-blaise","status":"publish","type":"post","link":"https:\/\/ville-valdeblore.fr\/?p=3278","title":{"rendered":"Le coll\u00e8ge Saint-Blaise"},"content":{"rendered":"<p>&nbsp;<\/p>\n<p>Apr\u00e8s l&rsquo;\u00e9cole primaire, les enfants de Valdeblore doivent se rendre au coll\u00e8ge Saint-Blaise situ\u00e9 \u00e0 Saint-Sauveur-sur-Tin\u00e9e pour poursuivre leurs \u00e9tudes. Un transport scolaire assure la liaison entre les 2 villages.<\/p>\n<p><a href=\"http:\/\/www.ac-nice.fr\/wrne\/clg-st-blaise\/?option=com_content&amp;view=article&amp;id=54&amp;Itemid=49\" target=\"_blank\">Le site du coll\u00e8ge<\/a><\/p>\n<p>&nbsp;<\/p>\n<p>&nbsp;<\/p>\n<p>&nbsp;<\/p>\n<div id=\"themify_builder_content-3278\" data-postid=\"3278\" class=\"themify_builder_content themify_builder_content-3278 themify_builder\">\n\n    <\/div>\n<!-- \/themify_builder_content -->","protected":false},"excerpt":{"rendered":"<p>&nbsp; Apr\u00e8s l&rsquo;\u00e9cole primaire, les enfants de Valdeblore doivent se rendre au coll\u00e8ge Saint-Blaise situ\u00e9 \u00e0 Saint-Sauveur-sur-Tin\u00e9e pour poursuivre leurs \u00e9tudes. Un transport scolaire assure la liaison entre les 2 [&hellip;]<\/p>\n","protected":false},"author":3,"featured_media":3279,"comment_status":"closed","ping_status":"closed","sticky":false,"template":"","format":"standard","meta":{"footnotes":""},"categories":[135,80],"tags":[],"yoast_head":"<!-- This site is optimized with the Yoast SEO plugin v23.0 - https:\/\/yoast.com\/wordpress\/plugins\/seo\/ -->\n<title>Le coll\u00e8ge Saint-Blaise - Valdeblore<\/title>\n<meta name=\"robots\" content=\"index, follow, max-snippet:-1, max-image-preview:large, max-video-preview:-1\" \/>\n<link rel=\"canonical\" href=\"https:\/\/ville-valdeblore.fr\/?p=3278\" \/>\n<meta property=\"og:locale\" content=\"fr_FR\" \/>\n<meta property=\"og:type\" content=\"article\" \/>\n<meta property=\"og:title\" content=\"Le coll\u00e8ge Saint-Blaise - Valdeblore\" \/>\n<meta property=\"og:description\" content=\"&nbsp; Apr\u00e8s l&rsquo;\u00e9cole primaire, les enfants de Valdeblore doivent se rendre au coll\u00e8ge Saint-Blaise situ\u00e9 \u00e0 Saint-Sauveur-sur-Tin\u00e9e pour poursuivre leurs \u00e9tudes. Un transport scolaire assure la liaison entre les 2 [&hellip;]\" \/>\n<meta property=\"og:url\" content=\"https:\/\/ville-valdeblore.fr\/?p=3278\" \/>\n<meta property=\"og:site_name\" content=\"Valdeblore\" \/>\n<meta property=\"article:published_time\" content=\"2015-10-28T20:33:16+00:00\" \/>\n<meta property=\"article:modified_time\" content=\"2015-11-07T17:26:29+00:00\" \/>\n<meta property=\"og:image\" content=\"https:\/\/ville-valdeblore.fr\/wp-content\/uploads\/2015\/10\/vue-college.jpg\" \/>\n\t<meta property=\"og:image:width\" content=\"402\" \/>\n\t<meta property=\"og:image:height\" content=\"302\" \/>\n\t<meta property=\"og:image:type\" content=\"image\/jpeg\" \/>\n<meta name=\"author\" content=\"Philippe ELIASSE\" \/>\n<meta name=\"twitter:label1\" content=\"\u00c9crit par\" \/>\n\t<meta name=\"twitter:data1\" content=\"Philippe ELIASSE\" \/>\n<script type=\"application\/ld+json\" class=\"yoast-schema-graph\">{\"@context\":\"https:\/\/schema.org\",\"@graph\":[{\"@type\":\"WebPage\",\"@id\":\"https:\/\/ville-valdeblore.fr\/?p=3278\",\"url\":\"https:\/\/ville-valdeblore.fr\/?p=3278\",\"name\":\"Le coll\u00e8ge Saint-Blaise - Valdeblore\",\"isPartOf\":{\"@id\":\"https:\/\/ville-valdeblore.fr\/#website\"},\"primaryImageOfPage\":{\"@id\":\"https:\/\/ville-valdeblore.fr\/?p=3278#primaryimage\"},\"image\":{\"@id\":\"https:\/\/ville-valdeblore.fr\/?p=3278#primaryimage\"},\"thumbnailUrl\":\"https:\/\/ville-valdeblore.fr\/wp-content\/uploads\/2015\/10\/vue-college.jpg\",\"datePublished\":\"2015-10-28T20:33:16+00:00\",\"dateModified\":\"2015-11-07T17:26:29+00:00\",\"author\":{\"@id\":\"https:\/\/ville-valdeblore.fr\/#\/schema\/person\/79893d4980f61abee855abec1a698919\"},\"breadcrumb\":{\"@id\":\"https:\/\/ville-valdeblore.fr\/?p=3278#breadcrumb\"},\"inLanguage\":\"fr-FR\",\"potentialAction\":[{\"@type\":\"ReadAction\",\"target\":[\"https:\/\/ville-valdeblore.fr\/?p=3278\"]}]},{\"@type\":\"ImageObject\",\"inLanguage\":\"fr-FR\",\"@id\":\"https:\/\/ville-valdeblore.fr\/?p=3278#primaryimage\",\"url\":\"https:\/\/ville-valdeblore.fr\/wp-content\/uploads\/2015\/10\/vue-college.jpg\",\"contentUrl\":\"https:\/\/ville-valdeblore.fr\/wp-content\/uploads\/2015\/10\/vue-college.jpg\",\"width\":402,\"height\":302,\"caption\":\"Le coll\u00e8ge Saint-Blaise\"},{\"@type\":\"BreadcrumbList\",\"@id\":\"https:\/\/ville-valdeblore.fr\/?p=3278#breadcrumb\",\"itemListElement\":[{\"@type\":\"ListItem\",\"position\":1,\"name\":\"Accueil\",\"item\":\"https:\/\/ville-valdeblore.fr\/\"},{\"@type\":\"ListItem\",\"position\":2,\"name\":\"Le coll\u00e8ge Saint-Blaise\"}]},{\"@type\":\"WebSite\",\"@id\":\"https:\/\/ville-valdeblore.fr\/#website\",\"url\":\"https:\/\/ville-valdeblore.fr\/\",\"name\":\"Valdeblore\",\"description\":\"Entre Tin\u00e9e et V\u00e9subie\",\"potentialAction\":[{\"@type\":\"SearchAction\",\"target\":{\"@type\":\"EntryPoint\",\"urlTemplate\":\"https:\/\/ville-valdeblore.fr\/?s={search_term_string}\"},\"query-input\":\"required name=search_term_string\"}],\"inLanguage\":\"fr-FR\"},{\"@type\":\"Person\",\"@id\":\"https:\/\/ville-valdeblore.fr\/#\/schema\/person\/79893d4980f61abee855abec1a698919\",\"name\":\"Philippe ELIASSE\",\"image\":{\"@type\":\"ImageObject\",\"inLanguage\":\"fr-FR\",\"@id\":\"https:\/\/ville-valdeblore.fr\/#\/schema\/person\/image\/\",\"url\":\"https:\/\/secure.gravatar.com\/avatar\/75740c82dbcc1304310dd780ff83b880?s=96&d=mm&r=g\",\"contentUrl\":\"https:\/\/secure.gravatar.com\/avatar\/75740c82dbcc1304310dd780ff83b880?s=96&d=mm&r=g\",\"caption\":\"Philippe ELIASSE\"},\"url\":\"https:\/\/ville-valdeblore.fr\/?author=3\"}]}<\/script>\n<!-- \/ Yoast SEO plugin. -->","yoast_head_json":{"title":"Le coll\u00e8ge Saint-Blaise - Valdeblore","robots":{"index":"index","follow":"follow","max-snippet":"max-snippet:-1","max-image-preview":"max-image-preview:large","max-video-preview":"max-video-preview:-1"},"canonical":"https:\/\/ville-valdeblore.fr\/?p=3278","og_locale":"fr_FR","og_type":"article","og_title":"Le coll\u00e8ge Saint-Blaise - Valdeblore","og_description":"&nbsp; Apr\u00e8s l&rsquo;\u00e9cole primaire, les enfants de Valdeblore doivent se rendre au coll\u00e8ge Saint-Blaise situ\u00e9 \u00e0 Saint-Sauveur-sur-Tin\u00e9e pour poursuivre leurs \u00e9tudes. Un transport scolaire assure la liaison entre les 2 [&hellip;]","og_url":"https:\/\/ville-valdeblore.fr\/?p=3278","og_site_name":"Valdeblore","article_published_time":"2015-10-28T20:33:16+00:00","article_modified_time":"2015-11-07T17:26:29+00:00","og_image":[{"width":402,"height":302,"url":"https:\/\/ville-valdeblore.fr\/wp-content\/uploads\/2015\/10\/vue-college.jpg","type":"image\/jpeg"}],"author":"Philippe ELIASSE","twitter_misc":{"\u00c9crit par":"Philippe ELIASSE"},"schema":{"@context":"https:\/\/schema.org","@graph":[{"@type":"WebPage","@id":"https:\/\/ville-valdeblore.fr\/?p=3278","url":"https:\/\/ville-valdeblore.fr\/?p=3278","name":"Le coll\u00e8ge Saint-Blaise - Valdeblore","isPartOf":{"@id":"https:\/\/ville-valdeblore.fr\/#website"},"primaryImageOfPage":{"@id":"https:\/\/ville-valdeblore.fr\/?p=3278#primaryimage"},"image":{"@id":"https:\/\/ville-valdeblore.fr\/?p=3278#primaryimage"},"thumbnailUrl":"https:\/\/ville-valdeblore.fr\/wp-content\/uploads\/2015\/10\/vue-college.jpg","datePublished":"2015-10-28T20:33:16+00:00","dateModified":"2015-11-07T17:26:29+00:00","author":{"@id":"https:\/\/ville-valdeblore.fr\/#\/schema\/person\/79893d4980f61abee855abec1a698919"},"breadcrumb":{"@id":"https:\/\/ville-valdeblore.fr\/?p=3278#breadcrumb"},"inLanguage":"fr-FR","potentialAction":[{"@type":"ReadAction","target":["https:\/\/ville-valdeblore.fr\/?p=3278"]}]},{"@type":"ImageObject","inLanguage":"fr-FR","@id":"https:\/\/ville-valdeblore.fr\/?p=3278#primaryimage","url":"https:\/\/ville-valdeblore.fr\/wp-content\/uploads\/2015\/10\/vue-college.jpg","contentUrl":"https:\/\/ville-valdeblore.fr\/wp-content\/uploads\/2015\/10\/vue-college.jpg","width":402,"height":302,"caption":"Le coll\u00e8ge Saint-Blaise"},{"@type":"BreadcrumbList","@id":"https:\/\/ville-valdeblore.fr\/?p=3278#breadcrumb","itemListElement":[{"@type":"ListItem","position":1,"name":"Accueil","item":"https:\/\/ville-valdeblore.fr\/"},{"@type":"ListItem","position":2,"name":"Le coll\u00e8ge Saint-Blaise"}]},{"@type":"WebSite","@id":"https:\/\/ville-valdeblore.fr\/#website","url":"https:\/\/ville-valdeblore.fr\/","name":"Valdeblore","description":"Entre Tin\u00e9e et V\u00e9subie","potentialAction":[{"@type":"SearchAction","target":{"@type":"EntryPoint","urlTemplate":"https:\/\/ville-valdeblore.fr\/?s={search_term_string}"},"query-input":"required name=search_term_string"}],"inLanguage":"fr-FR"},{"@type":"Person","@id":"https:\/\/ville-valdeblore.fr\/#\/schema\/person\/79893d4980f61abee855abec1a698919","name":"Philippe ELIASSE","image":{"@type":"ImageObject","inLanguage":"fr-FR","@id":"https:\/\/ville-valdeblore.fr\/#\/schema\/person\/image\/","url":"https:\/\/secure.gravatar.com\/avatar\/75740c82dbcc1304310dd780ff83b880?s=96&d=mm&r=g","contentUrl":"https:\/\/secure.gravatar.com\/avatar\/75740c82dbcc1304310dd780ff83b880?s=96&d=mm&r=g","caption":"Philippe ELIASSE"},"url":"https:\/\/ville-valdeblore.fr\/?author=3"}]}},"publishpress_future_action":{"enabled":false,"date":"2026-05-07 16:53:04","action":"change-status","newStatus":"draft","terms":[],"taxonomy":"category"},"_links":{"self":[{"href":"https:\/\/ville-valdeblore.fr\/index.php?rest_route=\/wp\/v2\/posts\/3278"}],"collection":[{"href":"https:\/\/ville-valdeblore.fr\/index.php?rest_route=\/wp\/v2\/posts"}],"about":[{"href":"https:\/\/ville-valdeblore.fr\/index.php?rest_route=\/wp\/v2\/types\/post"}],"author":[{"embeddable":true,"href":"https:\/\/ville-valdeblore.fr\/index.php?rest_route=\/wp\/v2\/users\/3"}],"replies":[{"embeddable":true,"href":"https:\/\/ville-valdeblore.fr\/index.php?rest_route=%2Fwp%2Fv2%2Fcomments&post=3278"}],"version-history":[{"count":5,"href":"https:\/\/ville-valdeblore.fr\/index.php?rest_route=\/wp\/v2\/posts\/3278\/revisions"}],"predecessor-version":[{"id":3299,"href":"https:\/\/ville-valdeblore.fr\/index.php?rest_route=\/wp\/v2\/posts\/3278\/revisions\/3299"}],"wp:featuredmedia":[{"embeddable":true,"href":"https:\/\/ville-valdeblore.fr\/index.php?rest_route=\/wp\/v2\/media\/3279"}],"wp:attachment":[{"href":"https:\/\/ville-valdeblore.fr\/index.php?rest_route=%2Fwp%2Fv2%2Fmedia&parent=3278"}],"wp:term":[{"taxonomy":"category","embeddable":true,"href":"https:\/\/ville-valdeblore.fr\/index.php?rest_route=%2Fwp%2Fv2%2Fcategories&post=3278"},{"taxonomy":"post_tag","embeddable":true,"href":"https:\/\/ville-valdeblore.fr\/index.php?rest_route=%2Fwp%2Fv2%2Ftags&post=3278"}],"curies":[{"name":"wp","href":"https:\/\/api.w.org\/{rel}","templated":true}]}}