{"id":3273,"date":"2015-10-28T16:37:07","date_gmt":"2015-10-28T15:37:07","guid":{"rendered":"https:\/\/ville-valdeblore.fr\/?p=3273"},"modified":"2015-11-07T18:28:47","modified_gmt":"2015-11-07T17:28:47","slug":"lecole-departementale-de-neige-et-daltitude-de-la-colmiane","status":"publish","type":"post","link":"https:\/\/ville-valdeblore.fr\/?p=3273","title":{"rendered":"L&rsquo;\u00e9cole d\u00e9partementale de neige et d&rsquo;altitude de La Colmiane"},"content":{"rendered":"<p>&nbsp;<\/p>\n<p>Cr\u00e9\u00e9e \u00e0 l&rsquo;initiative du D\u00e9partement des Alpes-Maritimes, l&rsquo;\u00e9cole d\u00e9partementale de neige et d&rsquo;altitude de La Colmiane accueillent durant l&rsquo;ann\u00e9e scolaire les classes d&rsquo;environnement. En dehors de ces p\u00e9riodes, elles se transforment en v\u00e9ritable centres de vacances pouvant accueillir les enfants de 6 \u00e0 12 ans.<\/p>\n<p>Ces b\u00e2timents spacieux et modernes conservent tout au long de l&rsquo;ann\u00e9e les structures de fonctionnement parfaitement adapt\u00e9es aux classes de d\u00e9couvertes, mais, pendant les vacances, les \u00e9quipes sont renforc\u00e9es par du personnel d&rsquo;animation et d&rsquo;encadrement.<\/p>\n<p>Une multitude d&rsquo;activit\u00e9s sportives et ludiques peuvent \u00eatre pratiqu\u00e9es en fonction des saisons. Le Mercantour avec tous ses atouts, que ce soient sa faune, sa flore, mais aussi son histoire et ses coutumes locales, contribue \u00e0 faire de ces s\u00e9jours de merveilleux souvenirs.<\/p>\n<p><a href=\"http:\/\/193.48.79.10\/cg06_V3\/cms\/ecole_colmiane\/index.php\" target=\"_blank\">Le site de l&rsquo;\u00e9cole des Neiges de La Colmiane<\/a><\/p>\n<div id=\"themify_builder_content-3273\" data-postid=\"3273\" class=\"themify_builder_content themify_builder_content-3273 themify_builder\">\n\n    <\/div>\n<!-- \/themify_builder_content -->","protected":false},"excerpt":{"rendered":"<p>&nbsp; Cr\u00e9\u00e9e \u00e0 l&rsquo;initiative du D\u00e9partement des Alpes-Maritimes, l&rsquo;\u00e9cole d\u00e9partementale de neige et d&rsquo;altitude de La Colmiane accueillent durant l&rsquo;ann\u00e9e scolaire les classes d&rsquo;environnement. En dehors de ces p\u00e9riodes, elles [&hellip;]<\/p>\n","protected":false},"author":3,"featured_media":3274,"comment_status":"closed","ping_status":"closed","sticky":false,"template":"","format":"standard","meta":{"footnotes":""},"categories":[134],"tags":[],"yoast_head":"<!-- This site is optimized with the Yoast SEO plugin v23.0 - https:\/\/yoast.com\/wordpress\/plugins\/seo\/ -->\n<title>L&#039;\u00e9cole d\u00e9partementale de neige et d&#039;altitude de La Colmiane - Valdeblore<\/title>\n<meta name=\"robots\" content=\"index, follow, max-snippet:-1, max-image-preview:large, max-video-preview:-1\" \/>\n<link rel=\"canonical\" href=\"https:\/\/ville-valdeblore.fr\/?p=3273\" \/>\n<meta property=\"og:locale\" content=\"fr_FR\" \/>\n<meta property=\"og:type\" content=\"article\" \/>\n<meta property=\"og:title\" content=\"L&#039;\u00e9cole d\u00e9partementale de neige et d&#039;altitude de La Colmiane - Valdeblore\" \/>\n<meta property=\"og:description\" content=\"&nbsp; Cr\u00e9\u00e9e \u00e0 l&rsquo;initiative du D\u00e9partement des Alpes-Maritimes, l&rsquo;\u00e9cole d\u00e9partementale de neige et d&rsquo;altitude de La Colmiane accueillent durant l&rsquo;ann\u00e9e scolaire les classes d&rsquo;environnement. En dehors de ces p\u00e9riodes, elles [&hellip;]\" \/>\n<meta property=\"og:url\" content=\"https:\/\/ville-valdeblore.fr\/?p=3273\" \/>\n<meta property=\"og:site_name\" content=\"Valdeblore\" \/>\n<meta property=\"article:published_time\" content=\"2015-10-28T15:37:07+00:00\" \/>\n<meta property=\"article:modified_time\" content=\"2015-11-07T17:28:47+00:00\" \/>\n<meta property=\"og:image\" content=\"https:\/\/ville-valdeblore.fr\/wp-content\/uploads\/2015\/10\/Ecole-des-Neiges.jpg\" \/>\n\t<meta property=\"og:image:width\" content=\"800\" \/>\n\t<meta property=\"og:image:height\" content=\"600\" \/>\n\t<meta property=\"og:image:type\" content=\"image\/jpeg\" \/>\n<meta name=\"author\" content=\"Philippe ELIASSE\" \/>\n<meta name=\"twitter:label1\" content=\"\u00c9crit par\" \/>\n\t<meta name=\"twitter:data1\" content=\"Philippe ELIASSE\" \/>\n\t<meta name=\"twitter:label2\" content=\"Dur\u00e9e de lecture estim\u00e9e\" \/>\n\t<meta name=\"twitter:data2\" content=\"1 minute\" \/>\n<script type=\"application\/ld+json\" class=\"yoast-schema-graph\">{\"@context\":\"https:\/\/schema.org\",\"@graph\":[{\"@type\":\"WebPage\",\"@id\":\"https:\/\/ville-valdeblore.fr\/?p=3273\",\"url\":\"https:\/\/ville-valdeblore.fr\/?p=3273\",\"name\":\"L'\u00e9cole d\u00e9partementale de neige et d'altitude de La Colmiane - Valdeblore\",\"isPartOf\":{\"@id\":\"https:\/\/ville-valdeblore.fr\/#website\"},\"primaryImageOfPage\":{\"@id\":\"https:\/\/ville-valdeblore.fr\/?p=3273#primaryimage\"},\"image\":{\"@id\":\"https:\/\/ville-valdeblore.fr\/?p=3273#primaryimage\"},\"thumbnailUrl\":\"https:\/\/ville-valdeblore.fr\/wp-content\/uploads\/2015\/10\/Ecole-des-Neiges.jpg\",\"datePublished\":\"2015-10-28T15:37:07+00:00\",\"dateModified\":\"2015-11-07T17:28:47+00:00\",\"author\":{\"@id\":\"https:\/\/ville-valdeblore.fr\/#\/schema\/person\/79893d4980f61abee855abec1a698919\"},\"breadcrumb\":{\"@id\":\"https:\/\/ville-valdeblore.fr\/?p=3273#breadcrumb\"},\"inLanguage\":\"fr-FR\",\"potentialAction\":[{\"@type\":\"ReadAction\",\"target\":[\"https:\/\/ville-valdeblore.fr\/?p=3273\"]}]},{\"@type\":\"ImageObject\",\"inLanguage\":\"fr-FR\",\"@id\":\"https:\/\/ville-valdeblore.fr\/?p=3273#primaryimage\",\"url\":\"https:\/\/ville-valdeblore.fr\/wp-content\/uploads\/2015\/10\/Ecole-des-Neiges.jpg\",\"contentUrl\":\"https:\/\/ville-valdeblore.fr\/wp-content\/uploads\/2015\/10\/Ecole-des-Neiges.jpg\",\"width\":800,\"height\":600},{\"@type\":\"BreadcrumbList\",\"@id\":\"https:\/\/ville-valdeblore.fr\/?p=3273#breadcrumb\",\"itemListElement\":[{\"@type\":\"ListItem\",\"position\":1,\"name\":\"Accueil\",\"item\":\"https:\/\/ville-valdeblore.fr\/\"},{\"@type\":\"ListItem\",\"position\":2,\"name\":\"L&#8217;\u00e9cole d\u00e9partementale de neige et d&#8217;altitude de La Colmiane\"}]},{\"@type\":\"WebSite\",\"@id\":\"https:\/\/ville-valdeblore.fr\/#website\",\"url\":\"https:\/\/ville-valdeblore.fr\/\",\"name\":\"Valdeblore\",\"description\":\"Entre Tin\u00e9e et V\u00e9subie\",\"potentialAction\":[{\"@type\":\"SearchAction\",\"target\":{\"@type\":\"EntryPoint\",\"urlTemplate\":\"https:\/\/ville-valdeblore.fr\/?s={search_term_string}\"},\"query-input\":\"required name=search_term_string\"}],\"inLanguage\":\"fr-FR\"},{\"@type\":\"Person\",\"@id\":\"https:\/\/ville-valdeblore.fr\/#\/schema\/person\/79893d4980f61abee855abec1a698919\",\"name\":\"Philippe ELIASSE\",\"image\":{\"@type\":\"ImageObject\",\"inLanguage\":\"fr-FR\",\"@id\":\"https:\/\/ville-valdeblore.fr\/#\/schema\/person\/image\/\",\"url\":\"https:\/\/secure.gravatar.com\/avatar\/75740c82dbcc1304310dd780ff83b880?s=96&d=mm&r=g\",\"contentUrl\":\"https:\/\/secure.gravatar.com\/avatar\/75740c82dbcc1304310dd780ff83b880?s=96&d=mm&r=g\",\"caption\":\"Philippe ELIASSE\"},\"url\":\"https:\/\/ville-valdeblore.fr\/?author=3\"}]}<\/script>\n<!-- \/ Yoast SEO plugin. -->","yoast_head_json":{"title":"L'\u00e9cole d\u00e9partementale de neige et d'altitude de La Colmiane - Valdeblore","robots":{"index":"index","follow":"follow","max-snippet":"max-snippet:-1","max-image-preview":"max-image-preview:large","max-video-preview":"max-video-preview:-1"},"canonical":"https:\/\/ville-valdeblore.fr\/?p=3273","og_locale":"fr_FR","og_type":"article","og_title":"L'\u00e9cole d\u00e9partementale de neige et d'altitude de La Colmiane - Valdeblore","og_description":"&nbsp; Cr\u00e9\u00e9e \u00e0 l&rsquo;initiative du D\u00e9partement des Alpes-Maritimes, l&rsquo;\u00e9cole d\u00e9partementale de neige et d&rsquo;altitude de La Colmiane accueillent durant l&rsquo;ann\u00e9e scolaire les classes d&rsquo;environnement. En dehors de ces p\u00e9riodes, elles [&hellip;]","og_url":"https:\/\/ville-valdeblore.fr\/?p=3273","og_site_name":"Valdeblore","article_published_time":"2015-10-28T15:37:07+00:00","article_modified_time":"2015-11-07T17:28:47+00:00","og_image":[{"width":800,"height":600,"url":"https:\/\/ville-valdeblore.fr\/wp-content\/uploads\/2015\/10\/Ecole-des-Neiges.jpg","type":"image\/jpeg"}],"author":"Philippe ELIASSE","twitter_misc":{"\u00c9crit par":"Philippe ELIASSE","Dur\u00e9e de lecture estim\u00e9e":"1 minute"},"schema":{"@context":"https:\/\/schema.org","@graph":[{"@type":"WebPage","@id":"https:\/\/ville-valdeblore.fr\/?p=3273","url":"https:\/\/ville-valdeblore.fr\/?p=3273","name":"L'\u00e9cole d\u00e9partementale de neige et d'altitude de La Colmiane - Valdeblore","isPartOf":{"@id":"https:\/\/ville-valdeblore.fr\/#website"},"primaryImageOfPage":{"@id":"https:\/\/ville-valdeblore.fr\/?p=3273#primaryimage"},"image":{"@id":"https:\/\/ville-valdeblore.fr\/?p=3273#primaryimage"},"thumbnailUrl":"https:\/\/ville-valdeblore.fr\/wp-content\/uploads\/2015\/10\/Ecole-des-Neiges.jpg","datePublished":"2015-10-28T15:37:07+00:00","dateModified":"2015-11-07T17:28:47+00:00","author":{"@id":"https:\/\/ville-valdeblore.fr\/#\/schema\/person\/79893d4980f61abee855abec1a698919"},"breadcrumb":{"@id":"https:\/\/ville-valdeblore.fr\/?p=3273#breadcrumb"},"inLanguage":"fr-FR","potentialAction":[{"@type":"ReadAction","target":["https:\/\/ville-valdeblore.fr\/?p=3273"]}]},{"@type":"ImageObject","inLanguage":"fr-FR","@id":"https:\/\/ville-valdeblore.fr\/?p=3273#primaryimage","url":"https:\/\/ville-valdeblore.fr\/wp-content\/uploads\/2015\/10\/Ecole-des-Neiges.jpg","contentUrl":"https:\/\/ville-valdeblore.fr\/wp-content\/uploads\/2015\/10\/Ecole-des-Neiges.jpg","width":800,"height":600},{"@type":"BreadcrumbList","@id":"https:\/\/ville-valdeblore.fr\/?p=3273#breadcrumb","itemListElement":[{"@type":"ListItem","position":1,"name":"Accueil","item":"https:\/\/ville-valdeblore.fr\/"},{"@type":"ListItem","position":2,"name":"L&#8217;\u00e9cole d\u00e9partementale de neige et d&#8217;altitude de La Colmiane"}]},{"@type":"WebSite","@id":"https:\/\/ville-valdeblore.fr\/#website","url":"https:\/\/ville-valdeblore.fr\/","name":"Valdeblore","description":"Entre Tin\u00e9e et V\u00e9subie","potentialAction":[{"@type":"SearchAction","target":{"@type":"EntryPoint","urlTemplate":"https:\/\/ville-valdeblore.fr\/?s={search_term_string}"},"query-input":"required name=search_term_string"}],"inLanguage":"fr-FR"},{"@type":"Person","@id":"https:\/\/ville-valdeblore.fr\/#\/schema\/person\/79893d4980f61abee855abec1a698919","name":"Philippe ELIASSE","image":{"@type":"ImageObject","inLanguage":"fr-FR","@id":"https:\/\/ville-valdeblore.fr\/#\/schema\/person\/image\/","url":"https:\/\/secure.gravatar.com\/avatar\/75740c82dbcc1304310dd780ff83b880?s=96&d=mm&r=g","contentUrl":"https:\/\/secure.gravatar.com\/avatar\/75740c82dbcc1304310dd780ff83b880?s=96&d=mm&r=g","caption":"Philippe ELIASSE"},"url":"https:\/\/ville-valdeblore.fr\/?author=3"}]}},"publishpress_future_action":{"enabled":false,"date":"2026-05-07 18:25:17","action":"change-status","newStatus":"draft","terms":[],"taxonomy":"category"},"_links":{"self":[{"href":"https:\/\/ville-valdeblore.fr\/index.php?rest_route=\/wp\/v2\/posts\/3273"}],"collection":[{"href":"https:\/\/ville-valdeblore.fr\/index.php?rest_route=\/wp\/v2\/posts"}],"about":[{"href":"https:\/\/ville-valdeblore.fr\/index.php?rest_route=\/wp\/v2\/types\/post"}],"author":[{"embeddable":true,"href":"https:\/\/ville-valdeblore.fr\/index.php?rest_route=\/wp\/v2\/users\/3"}],"replies":[{"embeddable":true,"href":"https:\/\/ville-valdeblore.fr\/index.php?rest_route=%2Fwp%2Fv2%2Fcomments&post=3273"}],"version-history":[{"count":4,"href":"https:\/\/ville-valdeblore.fr\/index.php?rest_route=\/wp\/v2\/posts\/3273\/revisions"}],"predecessor-version":[{"id":3296,"href":"https:\/\/ville-valdeblore.fr\/index.php?rest_route=\/wp\/v2\/posts\/3273\/revisions\/3296"}],"wp:featuredmedia":[{"embeddable":true,"href":"https:\/\/ville-valdeblore.fr\/index.php?rest_route=\/wp\/v2\/media\/3274"}],"wp:attachment":[{"href":"https:\/\/ville-valdeblore.fr\/index.php?rest_route=%2Fwp%2Fv2%2Fmedia&parent=3273"}],"wp:term":[{"taxonomy":"category","embeddable":true,"href":"https:\/\/ville-valdeblore.fr\/index.php?rest_route=%2Fwp%2Fv2%2Fcategories&post=3273"},{"taxonomy":"post_tag","embeddable":true,"href":"https:\/\/ville-valdeblore.fr\/index.php?rest_route=%2Fwp%2Fv2%2Ftags&post=3273"}],"curies":[{"name":"wp","href":"https:\/\/api.w.org\/{rel}","templated":true}]}}