{"id":3155,"date":"2015-10-28T09:26:22","date_gmt":"2015-10-28T08:26:22","guid":{"rendered":"https:\/\/ville-valdeblore.fr\/?p=3155"},"modified":"2015-11-17T13:26:46","modified_gmt":"2015-11-17T12:26:46","slug":"aides-a-lhabitat","status":"publish","type":"post","link":"https:\/\/ville-valdeblore.fr\/?p=3155","title":{"rendered":"Aides \u00e0 l&rsquo;habitat"},"content":{"rendered":"<p>Face aux difficult\u00e9s rencontr\u00e9es par les m\u00e9nages, les acteurs locaux ont r\u00e9affirm\u00e9 \u00e0 plusieurs reprises leur volont\u00e9 d&rsquo;agir en faveur du logement.<\/p>\n<h4>Le Conseil D\u00e9partemental 06 a notamment r\u00e9affirm\u00e9 sa volont\u00e9 :<\/h4>\n<ul>\n<li style=\"padding-left: 30px;\">d&rsquo;accompagner le d\u00e9veloppement \u00e9conomique par la cr\u00e9ation de capacit\u00e9s locatives nouvelles ou restaur\u00e9es ;<\/li>\n<li style=\"padding-left: 30px;\">de maintenir un parc locatif social dans les communes rurales permettant aux jeunes m\u00e9nages d&rsquo;acc\u00e9der \u00e0 la propri\u00e9t\u00e9.<\/li>\n<\/ul>\n<p>En outre, le D\u00e9partement, en application de la loi Besson de 1991, est charg\u00e9, aux c\u00f4t\u00e9s de l\u2019\u00c9tat, du plan d\u00e9partemental d&rsquo;actions pour le logement des personnes d\u00e9favoris\u00e9es.<\/p>\n<p>Il participe \u00e9galement aux contrats de ville.<\/p>\n<p>Ce rapport pr\u00e9sente la nature et les modalit\u00e9s d\u2019interventions du D\u00e9partement dans le secteur du logement et dans les domaines suivants :<\/p>\n<ul>\n<li style=\"padding-left: 30px;\">maintien et d\u00e9veloppement de l\u2019offre locative (garanties d&#8217;emprunts, r\u00e9habilitations et s\u00e9curisations, surco\u00fbts fonciers, acquisitions-am\u00e9liorations, lutte contre la vacance, logements communaux),<\/li>\n<li style=\"padding-left: 30px;\">am\u00e9lioration de l&rsquo;habitat rural (fa\u00e7ades, toitures, travaux int\u00e9rieurs et travaux de toiture),<\/li>\n<li style=\"padding-left: 30px;\">accompagnement de la mise en \u0153uvre de la politique d\u00e9partementale par des aides aux associations dans le domaine du logement.<\/li>\n<\/ul>\n<p>Pour plus de renseignements <a href=\"https:\/\/www.departement06.fr\/logement\/aides-pour-l-habitat-2989.html\" target=\"_blank\"><img loading=\"lazy\" decoding=\"async\" class=\"wp-image-3158 alignnone\" src=\"https:\/\/ville-valdeblore.fr\/wp-content\/uploads\/2015\/10\/D\u00e9partement-06-150x150.png\" alt=\"D\u00e9partement 06\" width=\"75\" height=\"75\" \/><\/a><\/p>\n<h4>La m\u00e9tropole Nice C\u00f4te d\u2019Azur est d\u00e9l\u00e9gataire de la gestion et de l\u2019attribution des aides \u00e0 la pierre et \u00e0 l\u2019habitat priv\u00e9.<\/h4>\n<p>Ainsi elle g\u00e8re et attribue les subventions de l\u2019Agence Nationale de l\u2019Habitat (Anah) ainsi que les \u00e9ventuelles subventions des partenaires financeurs des op\u00e9rations d\u2019am\u00e9lioration de l\u2019habitat (Conseil G\u00e9n\u00e9ral 06, R\u00e9gion PACA) en faisant office de guichet unique pour simplifier les d\u00e9marches des particuliers.<\/p>\n<p><span style=\"text-decoration: underline;\"><strong>Les conditions pour obtenir une aide de l&rsquo;Anah<\/strong><\/span><\/p>\n<p style=\"padding-left: 30px;\"><span style=\"text-decoration: underline;\">Qui peut en b\u00e9n\u00e9ficier ?<\/span><br \/>\n*Les propri\u00e9taires qui occupent leur logement sous conditions de ressources<br \/>\n*Les propri\u00e9taires qui louent ou souhaitent louer un bien immobilier en r\u00e9alisant ou non des travaux.<br \/>\n*Les syndicats de copropri\u00e9t\u00e9s pour des travaux sur les parties communes.<\/p>\n<p style=\"padding-left: 30px;\"><span style=\"text-decoration: underline;\">Pour quels logements ?<\/span><br \/>\nLe logement doit \u00eatre achev\u00e9 depuis au moins 15 ans \u00e0 la date o\u00f9 la d\u00e9cision d\u2019accorder la subvention est prise.<br \/>\nSeront subventionn\u00e9s les logements qui seront au minimum class\u00e9s en \u00e9tiquette \u00e9nerg\u00e9tique D apr\u00e8s travaux.<br \/>\nIl doit s\u2019agir d\u2019une r\u00e9sidence principale (du propri\u00e9taire ou du locataire).<\/p>\n<h3>Quels sont les travaux subventionnables ?<\/h3>\n<ul>\n<li>Les travaux doivent \u00eatre d\u2019un montant minimum de <strong>1 500 \u20ac.<\/strong><\/li>\n<li><strong>Ils ne doivent pas \u00eatre commenc\u00e9s avant le d\u00e9p\u00f4t de la demande de subvention. <\/strong><\/li>\n<li>Ils doivent \u00eatre <strong>compris dans la liste des travaux subventionnables<\/strong>. L\u2019Anah finance les travaux d\u2019am\u00e9lioration ; ceci exclut aussi bien les travaux d\u2019entretien ou de d\u00e9coration seuls, que les travaux lourds assimilables \u00e0 de la construction neuve ou de l\u2019agrandissement.<\/li>\n<li>L\u2019intervention d\u2019un <strong>maitre d\u2019\u0153uvre est obligatoire pour les travaux concernant la structure et le gros \u0153uvre<\/strong> d\u2019un logement ou d\u2019un immeuble, quel que soit le montant.<\/li>\n<li><strong>Ils doivent \u00eatre r\u00e9alis\u00e9s par des professionnels du b\u00e2timent. <\/strong><\/li>\n<\/ul>\n<p><strong>Les travaux subventionnables sont les suivants\u00a0:<\/strong><\/p>\n<p><strong>Pour les logements\u00a0:<\/strong><\/p>\n<ul>\n<li>Tous les travaux pr\u00e9vus dans les conventions d\u2019Op\u00e9ration Programm\u00e9e d\u2019Am\u00e9lioration de l\u2019Habitat (<strong>OPAH<\/strong>)\u00a0 ou d\u2019un Programme d\u2019Int\u00e9r\u00eat G\u00e9n\u00e9ral (<strong>PIG<\/strong>),<\/li>\n<li>Les travaux rem\u00e9diant au <strong>p\u00e9ril, \u00e0 l\u2019insalubrit\u00e9 ou au saturnisme<\/strong>, constat\u00e9s par les organismes comp\u00e9tents,<\/li>\n<li>Les travaux li\u00e9s \u00e0 la <strong>s\u00e9curit\u00e9 des \u00e9quipements <\/strong>ou de la <strong>structure du b\u00e2timent<\/strong>,<\/li>\n<li>Les travaux rem\u00e9diant \u00e0 <strong>l\u2019ind\u00e9cence des logements<\/strong>, cr\u00e9ation d\u2019\u00e9l\u00e9ments de confort permettant d\u2019obtenir chauffage, salle d\u2019eau, WC apr\u00e8s travaux,<\/li>\n<li>Les travaux permettant <strong>l\u2019accessibilit\u00e9 et l\u2019adaptation du logement aux personnes handicap\u00e9es ou en perte d\u2019autonomie<\/strong> sur justificatif du handicap pr\u00e9vu par la r\u00e9glementation Anah et au vu d\u2019un rapport d\u2019ad\u00e9quation des travaux pr\u00e9vus en fonction du handicap,<\/li>\n<li>Les travaux concernant les <strong>\u00e9conomies d\u2019\u00e9nergies<\/strong> permettant un gain \u00e9nerg\u00e9tique minimal de 25 % pour les propri\u00e9taires occupants et 35% pour les propri\u00e9taires bailleurs (bouquet de travaux type\u00a0: menuiseries, isolation, ventilation, changement de chaudi\u00e8re, etc)<\/li>\n<\/ul>\n<p><strong>Pour les immeubles\u00a0:<\/strong><\/p>\n<ul>\n<li>Tous les travaux pr\u00e9vus dans les conventions d\u2019Op\u00e9ration Programm\u00e9e d\u2019Am\u00e9lioration de l\u2019Habitat (<strong>OPAH<\/strong>)\u00a0 ou d\u2019un Programme d\u2019Int\u00e9r\u00eat G\u00e9n\u00e9ral (<strong>PIG<\/strong>),<\/li>\n<li>Les travaux sur parties communes d\u00e9cid\u00e9s en assembl\u00e9e g\u00e9n\u00e9rale de copropri\u00e9t\u00e9 rem\u00e9diant au <strong>p\u00e9ril, \u00e0 l\u2019insalubrit\u00e9 ou au saturnisme<\/strong>, constat\u00e9s par les organismes comp\u00e9tents,<\/li>\n<li><strong>Les travaux sur parties communes permettant un gain \u00e9nerg\u00e9tique minimal de 35 %<\/strong>\u00a0: travaux de r\u00e9fection d\u2019\u00e9tanch\u00e9it\u00e9 de couverture \/ toiture-terrasse \/ charpente ou ravalement de fa\u00e7ade <strong>associ\u00e9s \u00e0 des travaux d\u2019isolation thermique, changement de syst\u00e8me de chauffage\u2026<\/strong><\/li>\n<\/ul>\n<p>Pour plus de renseignements et pour t\u00e9l\u00e9charger les formulaires <a href=\"http:\/\/www.nicecotedazur.org\/habitat-urbanisme\/le-l\/aides-%C3%A0-l-habitat-priv%C3%A9\" target=\"_blank\"><img loading=\"lazy\" decoding=\"async\" class=\"alignnone wp-image-3062\" src=\"https:\/\/ville-valdeblore.fr\/wp-content\/uploads\/2015\/10\/MNCA.jpg\" alt=\"MNCA\" width=\"84\" height=\"81\" \/><\/a><\/p>\n<div id=\"themify_builder_content-3155\" data-postid=\"3155\" class=\"themify_builder_content themify_builder_content-3155 themify_builder\">\n\n    <\/div>\n<!-- \/themify_builder_content -->","protected":false},"excerpt":{"rendered":"<p>Face aux difficult\u00e9s rencontr\u00e9es par les m\u00e9nages, les acteurs locaux ont r\u00e9affirm\u00e9 \u00e0 plusieurs reprises leur volont\u00e9 d&rsquo;agir en faveur du logement. Le Conseil D\u00e9partemental 06 a notamment r\u00e9affirm\u00e9 sa [&hellip;]<\/p>\n","protected":false},"author":2,"featured_media":3164,"comment_status":"closed","ping_status":"closed","sticky":false,"template":"","format":"standard","meta":{"footnotes":""},"categories":[144,81],"tags":[],"yoast_head":"<!-- This site is optimized with the Yoast SEO plugin v23.0 - https:\/\/yoast.com\/wordpress\/plugins\/seo\/ -->\n<title>Aides \u00e0 l&#039;habitat - Valdeblore<\/title>\n<meta name=\"robots\" content=\"index, follow, max-snippet:-1, max-image-preview:large, max-video-preview:-1\" \/>\n<link rel=\"canonical\" href=\"https:\/\/ville-valdeblore.fr\/?p=3155\" \/>\n<meta property=\"og:locale\" content=\"fr_FR\" \/>\n<meta property=\"og:type\" content=\"article\" \/>\n<meta property=\"og:title\" content=\"Aides \u00e0 l&#039;habitat - Valdeblore\" \/>\n<meta property=\"og:description\" content=\"Face aux difficult\u00e9s rencontr\u00e9es par les m\u00e9nages, les acteurs locaux ont r\u00e9affirm\u00e9 \u00e0 plusieurs reprises leur volont\u00e9 d&rsquo;agir en faveur du logement. Le Conseil D\u00e9partemental 06 a notamment r\u00e9affirm\u00e9 sa [&hellip;]\" \/>\n<meta property=\"og:url\" content=\"https:\/\/ville-valdeblore.fr\/?p=3155\" \/>\n<meta property=\"og:site_name\" content=\"Valdeblore\" \/>\n<meta property=\"article:published_time\" content=\"2015-10-28T08:26:22+00:00\" \/>\n<meta property=\"article:modified_time\" content=\"2015-11-17T12:26:46+00:00\" \/>\n<meta name=\"author\" content=\"Admin Valdeblore\" \/>\n<meta name=\"twitter:label1\" content=\"\u00c9crit par\" \/>\n\t<meta name=\"twitter:data1\" content=\"Admin Valdeblore\" \/>\n\t<meta name=\"twitter:label2\" content=\"Dur\u00e9e de lecture estim\u00e9e\" \/>\n\t<meta name=\"twitter:data2\" content=\"4 minutes\" \/>\n<script type=\"application\/ld+json\" class=\"yoast-schema-graph\">{\"@context\":\"https:\/\/schema.org\",\"@graph\":[{\"@type\":\"WebPage\",\"@id\":\"https:\/\/ville-valdeblore.fr\/?p=3155\",\"url\":\"https:\/\/ville-valdeblore.fr\/?p=3155\",\"name\":\"Aides \u00e0 l'habitat - Valdeblore\",\"isPartOf\":{\"@id\":\"https:\/\/ville-valdeblore.fr\/#website\"},\"primaryImageOfPage\":{\"@id\":\"https:\/\/ville-valdeblore.fr\/?p=3155#primaryimage\"},\"image\":{\"@id\":\"https:\/\/ville-valdeblore.fr\/?p=3155#primaryimage\"},\"thumbnailUrl\":\"https:\/\/ville-valdeblore.fr\/wp-content\/uploads\/2015\/10\/Aide-a-l-habitat1.bmp\",\"datePublished\":\"2015-10-28T08:26:22+00:00\",\"dateModified\":\"2015-11-17T12:26:46+00:00\",\"author\":{\"@id\":\"https:\/\/ville-valdeblore.fr\/#\/schema\/person\/104c4e7b310a99c82a507dc2c5c67939\"},\"breadcrumb\":{\"@id\":\"https:\/\/ville-valdeblore.fr\/?p=3155#breadcrumb\"},\"inLanguage\":\"fr-FR\",\"potentialAction\":[{\"@type\":\"ReadAction\",\"target\":[\"https:\/\/ville-valdeblore.fr\/?p=3155\"]}]},{\"@type\":\"ImageObject\",\"inLanguage\":\"fr-FR\",\"@id\":\"https:\/\/ville-valdeblore.fr\/?p=3155#primaryimage\",\"url\":\"https:\/\/ville-valdeblore.fr\/wp-content\/uploads\/2015\/10\/Aide-a-l-habitat1.bmp\",\"contentUrl\":\"https:\/\/ville-valdeblore.fr\/wp-content\/uploads\/2015\/10\/Aide-a-l-habitat1.bmp\",\"width\":434,\"height\":222},{\"@type\":\"BreadcrumbList\",\"@id\":\"https:\/\/ville-valdeblore.fr\/?p=3155#breadcrumb\",\"itemListElement\":[{\"@type\":\"ListItem\",\"position\":1,\"name\":\"Accueil\",\"item\":\"https:\/\/ville-valdeblore.fr\/\"},{\"@type\":\"ListItem\",\"position\":2,\"name\":\"Aides \u00e0 l&#8217;habitat\"}]},{\"@type\":\"WebSite\",\"@id\":\"https:\/\/ville-valdeblore.fr\/#website\",\"url\":\"https:\/\/ville-valdeblore.fr\/\",\"name\":\"Valdeblore\",\"description\":\"Entre Tin\u00e9e et V\u00e9subie\",\"potentialAction\":[{\"@type\":\"SearchAction\",\"target\":{\"@type\":\"EntryPoint\",\"urlTemplate\":\"https:\/\/ville-valdeblore.fr\/?s={search_term_string}\"},\"query-input\":\"required name=search_term_string\"}],\"inLanguage\":\"fr-FR\"},{\"@type\":\"Person\",\"@id\":\"https:\/\/ville-valdeblore.fr\/#\/schema\/person\/104c4e7b310a99c82a507dc2c5c67939\",\"name\":\"Admin Valdeblore\",\"image\":{\"@type\":\"ImageObject\",\"inLanguage\":\"fr-FR\",\"@id\":\"https:\/\/ville-valdeblore.fr\/#\/schema\/person\/image\/\",\"url\":\"https:\/\/secure.gravatar.com\/avatar\/14a7316c2542aa289e4591f671d8e16c?s=96&d=mm&r=g\",\"contentUrl\":\"https:\/\/secure.gravatar.com\/avatar\/14a7316c2542aa289e4591f671d8e16c?s=96&d=mm&r=g\",\"caption\":\"Admin Valdeblore\"},\"url\":\"https:\/\/ville-valdeblore.fr\/?author=2\"}]}<\/script>\n<!-- \/ Yoast SEO plugin. -->","yoast_head_json":{"title":"Aides \u00e0 l'habitat - Valdeblore","robots":{"index":"index","follow":"follow","max-snippet":"max-snippet:-1","max-image-preview":"max-image-preview:large","max-video-preview":"max-video-preview:-1"},"canonical":"https:\/\/ville-valdeblore.fr\/?p=3155","og_locale":"fr_FR","og_type":"article","og_title":"Aides \u00e0 l'habitat - Valdeblore","og_description":"Face aux difficult\u00e9s rencontr\u00e9es par les m\u00e9nages, les acteurs locaux ont r\u00e9affirm\u00e9 \u00e0 plusieurs reprises leur volont\u00e9 d&rsquo;agir en faveur du logement. Le Conseil D\u00e9partemental 06 a notamment r\u00e9affirm\u00e9 sa [&hellip;]","og_url":"https:\/\/ville-valdeblore.fr\/?p=3155","og_site_name":"Valdeblore","article_published_time":"2015-10-28T08:26:22+00:00","article_modified_time":"2015-11-17T12:26:46+00:00","author":"Admin Valdeblore","twitter_misc":{"\u00c9crit par":"Admin Valdeblore","Dur\u00e9e de lecture estim\u00e9e":"4 minutes"},"schema":{"@context":"https:\/\/schema.org","@graph":[{"@type":"WebPage","@id":"https:\/\/ville-valdeblore.fr\/?p=3155","url":"https:\/\/ville-valdeblore.fr\/?p=3155","name":"Aides \u00e0 l'habitat - Valdeblore","isPartOf":{"@id":"https:\/\/ville-valdeblore.fr\/#website"},"primaryImageOfPage":{"@id":"https:\/\/ville-valdeblore.fr\/?p=3155#primaryimage"},"image":{"@id":"https:\/\/ville-valdeblore.fr\/?p=3155#primaryimage"},"thumbnailUrl":"https:\/\/ville-valdeblore.fr\/wp-content\/uploads\/2015\/10\/Aide-a-l-habitat1.bmp","datePublished":"2015-10-28T08:26:22+00:00","dateModified":"2015-11-17T12:26:46+00:00","author":{"@id":"https:\/\/ville-valdeblore.fr\/#\/schema\/person\/104c4e7b310a99c82a507dc2c5c67939"},"breadcrumb":{"@id":"https:\/\/ville-valdeblore.fr\/?p=3155#breadcrumb"},"inLanguage":"fr-FR","potentialAction":[{"@type":"ReadAction","target":["https:\/\/ville-valdeblore.fr\/?p=3155"]}]},{"@type":"ImageObject","inLanguage":"fr-FR","@id":"https:\/\/ville-valdeblore.fr\/?p=3155#primaryimage","url":"https:\/\/ville-valdeblore.fr\/wp-content\/uploads\/2015\/10\/Aide-a-l-habitat1.bmp","contentUrl":"https:\/\/ville-valdeblore.fr\/wp-content\/uploads\/2015\/10\/Aide-a-l-habitat1.bmp","width":434,"height":222},{"@type":"BreadcrumbList","@id":"https:\/\/ville-valdeblore.fr\/?p=3155#breadcrumb","itemListElement":[{"@type":"ListItem","position":1,"name":"Accueil","item":"https:\/\/ville-valdeblore.fr\/"},{"@type":"ListItem","position":2,"name":"Aides \u00e0 l&#8217;habitat"}]},{"@type":"WebSite","@id":"https:\/\/ville-valdeblore.fr\/#website","url":"https:\/\/ville-valdeblore.fr\/","name":"Valdeblore","description":"Entre Tin\u00e9e et V\u00e9subie","potentialAction":[{"@type":"SearchAction","target":{"@type":"EntryPoint","urlTemplate":"https:\/\/ville-valdeblore.fr\/?s={search_term_string}"},"query-input":"required name=search_term_string"}],"inLanguage":"fr-FR"},{"@type":"Person","@id":"https:\/\/ville-valdeblore.fr\/#\/schema\/person\/104c4e7b310a99c82a507dc2c5c67939","name":"Admin Valdeblore","image":{"@type":"ImageObject","inLanguage":"fr-FR","@id":"https:\/\/ville-valdeblore.fr\/#\/schema\/person\/image\/","url":"https:\/\/secure.gravatar.com\/avatar\/14a7316c2542aa289e4591f671d8e16c?s=96&d=mm&r=g","contentUrl":"https:\/\/secure.gravatar.com\/avatar\/14a7316c2542aa289e4591f671d8e16c?s=96&d=mm&r=g","caption":"Admin Valdeblore"},"url":"https:\/\/ville-valdeblore.fr\/?author=2"}]}},"publishpress_future_action":{"enabled":false,"date":"2026-05-07 20:27:52","action":"change-status","newStatus":"draft","terms":[],"taxonomy":"category"},"_links":{"self":[{"href":"https:\/\/ville-valdeblore.fr\/index.php?rest_route=\/wp\/v2\/posts\/3155"}],"collection":[{"href":"https:\/\/ville-valdeblore.fr\/index.php?rest_route=\/wp\/v2\/posts"}],"about":[{"href":"https:\/\/ville-valdeblore.fr\/index.php?rest_route=\/wp\/v2\/types\/post"}],"author":[{"embeddable":true,"href":"https:\/\/ville-valdeblore.fr\/index.php?rest_route=\/wp\/v2\/users\/2"}],"replies":[{"embeddable":true,"href":"https:\/\/ville-valdeblore.fr\/index.php?rest_route=%2Fwp%2Fv2%2Fcomments&post=3155"}],"version-history":[{"count":6,"href":"https:\/\/ville-valdeblore.fr\/index.php?rest_route=\/wp\/v2\/posts\/3155\/revisions"}],"predecessor-version":[{"id":3163,"href":"https:\/\/ville-valdeblore.fr\/index.php?rest_route=\/wp\/v2\/posts\/3155\/revisions\/3163"}],"wp:featuredmedia":[{"embeddable":true,"href":"https:\/\/ville-valdeblore.fr\/index.php?rest_route=\/wp\/v2\/media\/3164"}],"wp:attachment":[{"href":"https:\/\/ville-valdeblore.fr\/index.php?rest_route=%2Fwp%2Fv2%2Fmedia&parent=3155"}],"wp:term":[{"taxonomy":"category","embeddable":true,"href":"https:\/\/ville-valdeblore.fr\/index.php?rest_route=%2Fwp%2Fv2%2Fcategories&post=3155"},{"taxonomy":"post_tag","embeddable":true,"href":"https:\/\/ville-valdeblore.fr\/index.php?rest_route=%2Fwp%2Fv2%2Ftags&post=3155"}],"curies":[{"name":"wp","href":"https:\/\/api.w.org\/{rel}","templated":true}]}}