{"id":3027,"date":"2015-10-27T11:39:36","date_gmt":"2015-10-27T10:39:36","guid":{"rendered":"https:\/\/ville-valdeblore.fr\/?p=3027"},"modified":"2016-02-05T11:51:36","modified_gmt":"2016-02-05T10:51:36","slug":"pnm","status":"publish","type":"post","link":"https:\/\/ville-valdeblore.fr\/?p=3027","title":{"rendered":"Parc National du Mercantour"},"content":{"rendered":"<h4>Carte d&rsquo;identit\u00e9 du territoire du Parc national du Mercantour<\/h4>\n<p>Le Parc National du Mercantour a \u00e9t\u00e9 cr\u00e9\u00e9 le 19 Ao\u00fbt 1979.<br \/>\nC\u0153ur de parc :<br \/>\nSuperficie : 68 500 ha<br \/>\nAltitude minimale : 490 m<br \/>\nAltitude maximale : 3 143 m (La Cime du G\u00e9las)<br \/>\n<a href=\"https:\/\/ville-valdeblore.fr\/wp-content\/uploads\/2015\/10\/Chamois.jpg\"><img loading=\"lazy\" decoding=\"async\" class=\"size-full wp-image-3037 alignright\" src=\"https:\/\/ville-valdeblore.fr\/wp-content\/uploads\/2015\/10\/Chamois.jpg\" alt=\"Chamois\" width=\"275\" height=\"183\" \/><\/a>Aire optimale d&rsquo;adh\u00e9sion (AOA) :<br \/>\nSuperficie : 146 500 ha<br \/>\nAltitude minimale : 250 m<br \/>\nAltitude maximale : 3 193 m<br \/>\nHabitants permanents : 17 700 dans l&rsquo;AOA<br \/>\nEspaces prot\u00e9g\u00e9s : Natura 2000 : 14 sites<br \/>\nRelations internationales : Jumelages : Parco Naturale Alpi Marittime (Italie) et Parc national de Banff (Canada)<br \/>\nFlore : la plus forte diversit\u00e9 au niveau national avec 2 000 esp\u00e8ces de plantes, dont 200 rares et 30 end\u00e9miques 60 esp\u00e8ces d\u2019orchid\u00e9es<\/p>\n<p>Faune : 58 esp\u00e8ces de mammif\u00e8res &#8211; dont les 7 ongul\u00e9s sauvages que l&rsquo;on trouve en France et le loup &#8211; et 153 esp\u00e8ces d&rsquo;oiseaux, avec des rencontres uniques au monde comme la chouette de Tengmalm de Sib\u00e9rie ou le hibou petit duc \u2013 d\u2019Afrique du Nord<br \/>\nMais aussi 6300 chamois, 1200 mouflons, 300 bouquetins, cerfs, chevreuils et environ 2000 sangliers,<br \/>\n&#8211; 30 couples d\u2019aigles royaux, 3 de faucons p\u00e8lerins, 15 grands ducs<\/p>\n<h4><a href=\"https:\/\/ville-valdeblore.fr\/wp-content\/uploads\/2015\/10\/1159253912_pnmplan.jpg\"><img loading=\"lazy\" decoding=\"async\" class=\"wp-image-3028 size-full alignleft\" src=\"https:\/\/ville-valdeblore.fr\/wp-content\/uploads\/2015\/10\/1159253912_pnmplan.jpg\" alt=\"1159253912_pnmplan\" width=\"500\" height=\"370\" srcset=\"https:\/\/ville-valdeblore.fr\/wp-content\/uploads\/2015\/10\/1159253912_pnmplan.jpg 500w, https:\/\/ville-valdeblore.fr\/wp-content\/uploads\/2015\/10\/1159253912_pnmplan-300x222.jpg 300w, https:\/\/ville-valdeblore.fr\/wp-content\/uploads\/2015\/10\/1159253912_pnmplan-320x237.jpg 320w\" sizes=\"(max-width: 500px) 100vw, 500px\" \/><\/a>Le PNM : Six vall\u00e9es, sept secteurs<\/h4>\n<p>D\u2019une longueur de 150 Km, le territoire s\u2019\u00e9tend sur six vall\u00e9es dans les Alpes du Sud et couvre deux d\u00e9partements : les Alpes-Maritimes, pour environ les deux tiers de sa surface, et les Alpes-de-Haute-Provence. Le Massif cristallin du Mercantour offre au fil de ses vall\u00e9es, des parfums de M\u00e9diterran\u00e9e, de Provence, d\u2019Alpes et d\u2019Italie. Verdon, Var-Cians, Ubaye, Tin\u00e9e, V\u00e9subie et Roya-B\u00e9v\u00e9ra : chaque vall\u00e9e affirme un caract\u00e8re bien marqu\u00e9 !<br \/>\nPour les besoins de sa gestion, le Parc est divis\u00e9 en sept secteurs, correspondant aux principales vall\u00e9es du massif. Chacun d\u2019entre eux abrite une \u00e9quipe de techniciens et gardes moniteurs charg\u00e9s de la surveillance, de l\u2019animation et des op\u00e9rations scientifiques et techniques au niveau local. Si vous les croisez, ils se feront un plaisir de vous conter les curiosit\u00e9s de la nature ou bien encore les histoires insolites des vall\u00e9es.<\/p>\n<h4>Le PNM : Un territoire, deux zones<\/h4>\n<p><a href=\"https:\/\/ville-valdeblore.fr\/wp-content\/uploads\/2015\/10\/Marmotte.jpg\"><img loading=\"lazy\" decoding=\"async\" class=\"size-full wp-image-3035 alignleft\" src=\"https:\/\/ville-valdeblore.fr\/wp-content\/uploads\/2015\/10\/Marmotte.jpg\" alt=\"Marmotte\" width=\"275\" height=\"183\" \/><\/a>Comme tout parc national fran\u00e7ais, le Parc du Mercantour est dot\u00e9 d\u2019un c\u0153ur de parc (anciennement zone centrale) et d\u2019une zone d\u2019adh\u00e9sion (anciennement zone p\u00e9riph\u00e9rique).<br \/>\nConcernant le c\u0153ur du parc, il est de 68 500 ha. Sa r\u00e8glementation y prot\u00e8ge la nature des principales activit\u00e9s humaines et de la pr\u00e9sence permanente d&rsquo;habitants. Notons quand m\u00eame quelques hameaux traditionnels habit\u00e9s saisonni\u00e8rement. Dot\u00e9 d\u2019un patrimoine exceptionnel, cet espace est soumis \u00e0 une r\u00e9glementation stricte que les visiteurs doivent respecter.<br \/>\nSon \u00abaire d\u2019adh\u00e9sion\u00bb est actuellement de 136 500 ha. Elle compte environ 18 000 r\u00e9sidents permanents r\u00e9partis dans 21 communes dont 17 dans les Alpes-Maritimes. Le parc contribue au d\u00e9veloppement \u00e9conomique local, avec le souci constant d\u2019harmoniser impact des activit\u00e9s humaines et protection de l\u2019environnement.<br \/>\nLes missions du Parc s\u2019exercent dans ces deux zones et se compl\u00e8tent afin de faire du Mercantour un espace d\u2019harmonie entre protection, d\u00e9couverte, d\u00e9veloppement local et respect des activit\u00e9s traditionnelles. C\u2019est gr\u00e2ce \u00e0 une \u00e9quipe d\u2019environ 70 agents permanents, dont pr\u00e9s de 40 gardes moniteurs pr\u00e9sents sur le terrain que l\u2019espace Mercantour vous offre ses plus belles richesses !<\/p>\n<p>&nbsp;<\/p>\n<p style=\"text-align: right;\">Visitez le site du PNM <a href=\"http:\/\/www.mercantour.eu\/\" target=\"_blank\"><img loading=\"lazy\" decoding=\"async\" class=\"wp-image-3034 size-medium alignright\" src=\"https:\/\/ville-valdeblore.fr\/wp-content\/uploads\/2015\/10\/logo_pnm_vert-300x158.png\" alt=\"logo_pnm_vert\" width=\"300\" height=\"158\" \/><\/a><\/p>\n<div id=\"themify_builder_content-3027\" data-postid=\"3027\" class=\"themify_builder_content themify_builder_content-3027 themify_builder\">\n\n    <\/div>\n<!-- \/themify_builder_content -->","protected":false},"excerpt":{"rendered":"<p>Carte d&rsquo;identit\u00e9 du territoire du Parc national du Mercantour Le Parc National du Mercantour a \u00e9t\u00e9 cr\u00e9\u00e9 le 19 Ao\u00fbt 1979. C\u0153ur de parc : Superficie : 68 500 ha [&hellip;]<\/p>\n","protected":false},"author":2,"featured_media":3031,"comment_status":"closed","ping_status":"closed","sticky":false,"template":"","format":"standard","meta":{"footnotes":""},"categories":[78,130],"tags":[],"yoast_head":"<!-- This site is optimized with the Yoast SEO plugin v23.0 - https:\/\/yoast.com\/wordpress\/plugins\/seo\/ -->\n<title>Parc National du Mercantour - Valdeblore<\/title>\n<meta name=\"robots\" content=\"index, follow, max-snippet:-1, max-image-preview:large, max-video-preview:-1\" \/>\n<link rel=\"canonical\" href=\"https:\/\/ville-valdeblore.fr\/?p=3027\" \/>\n<meta property=\"og:locale\" content=\"fr_FR\" \/>\n<meta property=\"og:type\" content=\"article\" \/>\n<meta property=\"og:title\" content=\"Parc National du Mercantour - Valdeblore\" \/>\n<meta property=\"og:description\" content=\"Carte d&rsquo;identit\u00e9 du territoire du Parc national du Mercantour Le Parc National du Mercantour a \u00e9t\u00e9 cr\u00e9\u00e9 le 19 Ao\u00fbt 1979. C\u0153ur de parc : Superficie : 68 500 ha [&hellip;]\" \/>\n<meta property=\"og:url\" content=\"https:\/\/ville-valdeblore.fr\/?p=3027\" \/>\n<meta property=\"og:site_name\" content=\"Valdeblore\" \/>\n<meta property=\"article:published_time\" content=\"2015-10-27T10:39:36+00:00\" \/>\n<meta property=\"article:modified_time\" content=\"2016-02-05T10:51:36+00:00\" \/>\n<meta property=\"og:image\" content=\"https:\/\/ville-valdeblore.fr\/wp-content\/uploads\/2015\/10\/Vallon_de_Molli\u00e8res_2004_07.jpg\" \/>\n\t<meta property=\"og:image:width\" content=\"1280\" \/>\n\t<meta property=\"og:image:height\" content=\"960\" \/>\n\t<meta property=\"og:image:type\" content=\"image\/jpeg\" \/>\n<meta name=\"author\" content=\"Admin Valdeblore\" \/>\n<meta name=\"twitter:label1\" content=\"\u00c9crit par\" \/>\n\t<meta name=\"twitter:data1\" content=\"Admin Valdeblore\" \/>\n\t<meta name=\"twitter:label2\" content=\"Dur\u00e9e de lecture estim\u00e9e\" \/>\n\t<meta name=\"twitter:data2\" content=\"3 minutes\" \/>\n<script type=\"application\/ld+json\" class=\"yoast-schema-graph\">{\"@context\":\"https:\/\/schema.org\",\"@graph\":[{\"@type\":\"WebPage\",\"@id\":\"https:\/\/ville-valdeblore.fr\/?p=3027\",\"url\":\"https:\/\/ville-valdeblore.fr\/?p=3027\",\"name\":\"Parc National du Mercantour - Valdeblore\",\"isPartOf\":{\"@id\":\"https:\/\/ville-valdeblore.fr\/#website\"},\"primaryImageOfPage\":{\"@id\":\"https:\/\/ville-valdeblore.fr\/?p=3027#primaryimage\"},\"image\":{\"@id\":\"https:\/\/ville-valdeblore.fr\/?p=3027#primaryimage\"},\"thumbnailUrl\":\"https:\/\/ville-valdeblore.fr\/wp-content\/uploads\/2015\/10\/Vallon_de_Molli\u00e8res_2004_07.jpg\",\"datePublished\":\"2015-10-27T10:39:36+00:00\",\"dateModified\":\"2016-02-05T10:51:36+00:00\",\"author\":{\"@id\":\"https:\/\/ville-valdeblore.fr\/#\/schema\/person\/104c4e7b310a99c82a507dc2c5c67939\"},\"breadcrumb\":{\"@id\":\"https:\/\/ville-valdeblore.fr\/?p=3027#breadcrumb\"},\"inLanguage\":\"fr-FR\",\"potentialAction\":[{\"@type\":\"ReadAction\",\"target\":[\"https:\/\/ville-valdeblore.fr\/?p=3027\"]}]},{\"@type\":\"ImageObject\",\"inLanguage\":\"fr-FR\",\"@id\":\"https:\/\/ville-valdeblore.fr\/?p=3027#primaryimage\",\"url\":\"https:\/\/ville-valdeblore.fr\/wp-content\/uploads\/2015\/10\/Vallon_de_Molli\u00e8res_2004_07.jpg\",\"contentUrl\":\"https:\/\/ville-valdeblore.fr\/wp-content\/uploads\/2015\/10\/Vallon_de_Molli\u00e8res_2004_07.jpg\",\"width\":1280,\"height\":960},{\"@type\":\"BreadcrumbList\",\"@id\":\"https:\/\/ville-valdeblore.fr\/?p=3027#breadcrumb\",\"itemListElement\":[{\"@type\":\"ListItem\",\"position\":1,\"name\":\"Accueil\",\"item\":\"https:\/\/ville-valdeblore.fr\/\"},{\"@type\":\"ListItem\",\"position\":2,\"name\":\"Parc National du Mercantour\"}]},{\"@type\":\"WebSite\",\"@id\":\"https:\/\/ville-valdeblore.fr\/#website\",\"url\":\"https:\/\/ville-valdeblore.fr\/\",\"name\":\"Valdeblore\",\"description\":\"Entre Tin\u00e9e et V\u00e9subie\",\"potentialAction\":[{\"@type\":\"SearchAction\",\"target\":{\"@type\":\"EntryPoint\",\"urlTemplate\":\"https:\/\/ville-valdeblore.fr\/?s={search_term_string}\"},\"query-input\":\"required name=search_term_string\"}],\"inLanguage\":\"fr-FR\"},{\"@type\":\"Person\",\"@id\":\"https:\/\/ville-valdeblore.fr\/#\/schema\/person\/104c4e7b310a99c82a507dc2c5c67939\",\"name\":\"Admin Valdeblore\",\"image\":{\"@type\":\"ImageObject\",\"inLanguage\":\"fr-FR\",\"@id\":\"https:\/\/ville-valdeblore.fr\/#\/schema\/person\/image\/\",\"url\":\"https:\/\/secure.gravatar.com\/avatar\/14a7316c2542aa289e4591f671d8e16c?s=96&d=mm&r=g\",\"contentUrl\":\"https:\/\/secure.gravatar.com\/avatar\/14a7316c2542aa289e4591f671d8e16c?s=96&d=mm&r=g\",\"caption\":\"Admin Valdeblore\"},\"url\":\"https:\/\/ville-valdeblore.fr\/?author=2\"}]}<\/script>\n<!-- \/ Yoast SEO plugin. -->","yoast_head_json":{"title":"Parc National du Mercantour - Valdeblore","robots":{"index":"index","follow":"follow","max-snippet":"max-snippet:-1","max-image-preview":"max-image-preview:large","max-video-preview":"max-video-preview:-1"},"canonical":"https:\/\/ville-valdeblore.fr\/?p=3027","og_locale":"fr_FR","og_type":"article","og_title":"Parc National du Mercantour - Valdeblore","og_description":"Carte d&rsquo;identit\u00e9 du territoire du Parc national du Mercantour Le Parc National du Mercantour a \u00e9t\u00e9 cr\u00e9\u00e9 le 19 Ao\u00fbt 1979. C\u0153ur de parc : Superficie : 68 500 ha [&hellip;]","og_url":"https:\/\/ville-valdeblore.fr\/?p=3027","og_site_name":"Valdeblore","article_published_time":"2015-10-27T10:39:36+00:00","article_modified_time":"2016-02-05T10:51:36+00:00","og_image":[{"width":1280,"height":960,"url":"https:\/\/ville-valdeblore.fr\/wp-content\/uploads\/2015\/10\/Vallon_de_Molli\u00e8res_2004_07.jpg","type":"image\/jpeg"}],"author":"Admin Valdeblore","twitter_misc":{"\u00c9crit par":"Admin Valdeblore","Dur\u00e9e de lecture estim\u00e9e":"3 minutes"},"schema":{"@context":"https:\/\/schema.org","@graph":[{"@type":"WebPage","@id":"https:\/\/ville-valdeblore.fr\/?p=3027","url":"https:\/\/ville-valdeblore.fr\/?p=3027","name":"Parc National du Mercantour - Valdeblore","isPartOf":{"@id":"https:\/\/ville-valdeblore.fr\/#website"},"primaryImageOfPage":{"@id":"https:\/\/ville-valdeblore.fr\/?p=3027#primaryimage"},"image":{"@id":"https:\/\/ville-valdeblore.fr\/?p=3027#primaryimage"},"thumbnailUrl":"https:\/\/ville-valdeblore.fr\/wp-content\/uploads\/2015\/10\/Vallon_de_Molli\u00e8res_2004_07.jpg","datePublished":"2015-10-27T10:39:36+00:00","dateModified":"2016-02-05T10:51:36+00:00","author":{"@id":"https:\/\/ville-valdeblore.fr\/#\/schema\/person\/104c4e7b310a99c82a507dc2c5c67939"},"breadcrumb":{"@id":"https:\/\/ville-valdeblore.fr\/?p=3027#breadcrumb"},"inLanguage":"fr-FR","potentialAction":[{"@type":"ReadAction","target":["https:\/\/ville-valdeblore.fr\/?p=3027"]}]},{"@type":"ImageObject","inLanguage":"fr-FR","@id":"https:\/\/ville-valdeblore.fr\/?p=3027#primaryimage","url":"https:\/\/ville-valdeblore.fr\/wp-content\/uploads\/2015\/10\/Vallon_de_Molli\u00e8res_2004_07.jpg","contentUrl":"https:\/\/ville-valdeblore.fr\/wp-content\/uploads\/2015\/10\/Vallon_de_Molli\u00e8res_2004_07.jpg","width":1280,"height":960},{"@type":"BreadcrumbList","@id":"https:\/\/ville-valdeblore.fr\/?p=3027#breadcrumb","itemListElement":[{"@type":"ListItem","position":1,"name":"Accueil","item":"https:\/\/ville-valdeblore.fr\/"},{"@type":"ListItem","position":2,"name":"Parc National du Mercantour"}]},{"@type":"WebSite","@id":"https:\/\/ville-valdeblore.fr\/#website","url":"https:\/\/ville-valdeblore.fr\/","name":"Valdeblore","description":"Entre Tin\u00e9e et V\u00e9subie","potentialAction":[{"@type":"SearchAction","target":{"@type":"EntryPoint","urlTemplate":"https:\/\/ville-valdeblore.fr\/?s={search_term_string}"},"query-input":"required name=search_term_string"}],"inLanguage":"fr-FR"},{"@type":"Person","@id":"https:\/\/ville-valdeblore.fr\/#\/schema\/person\/104c4e7b310a99c82a507dc2c5c67939","name":"Admin Valdeblore","image":{"@type":"ImageObject","inLanguage":"fr-FR","@id":"https:\/\/ville-valdeblore.fr\/#\/schema\/person\/image\/","url":"https:\/\/secure.gravatar.com\/avatar\/14a7316c2542aa289e4591f671d8e16c?s=96&d=mm&r=g","contentUrl":"https:\/\/secure.gravatar.com\/avatar\/14a7316c2542aa289e4591f671d8e16c?s=96&d=mm&r=g","caption":"Admin Valdeblore"},"url":"https:\/\/ville-valdeblore.fr\/?author=2"}]}},"publishpress_future_action":{"enabled":false,"date":"2026-05-07 16:53:04","action":"change-status","newStatus":"draft","terms":[],"taxonomy":"category"},"_links":{"self":[{"href":"https:\/\/ville-valdeblore.fr\/index.php?rest_route=\/wp\/v2\/posts\/3027"}],"collection":[{"href":"https:\/\/ville-valdeblore.fr\/index.php?rest_route=\/wp\/v2\/posts"}],"about":[{"href":"https:\/\/ville-valdeblore.fr\/index.php?rest_route=\/wp\/v2\/types\/post"}],"author":[{"embeddable":true,"href":"https:\/\/ville-valdeblore.fr\/index.php?rest_route=\/wp\/v2\/users\/2"}],"replies":[{"embeddable":true,"href":"https:\/\/ville-valdeblore.fr\/index.php?rest_route=%2Fwp%2Fv2%2Fcomments&post=3027"}],"version-history":[{"count":6,"href":"https:\/\/ville-valdeblore.fr\/index.php?rest_route=\/wp\/v2\/posts\/3027\/revisions"}],"predecessor-version":[{"id":3032,"href":"https:\/\/ville-valdeblore.fr\/index.php?rest_route=\/wp\/v2\/posts\/3027\/revisions\/3032"}],"wp:featuredmedia":[{"embeddable":true,"href":"https:\/\/ville-valdeblore.fr\/index.php?rest_route=\/wp\/v2\/media\/3031"}],"wp:attachment":[{"href":"https:\/\/ville-valdeblore.fr\/index.php?rest_route=%2Fwp%2Fv2%2Fmedia&parent=3027"}],"wp:term":[{"taxonomy":"category","embeddable":true,"href":"https:\/\/ville-valdeblore.fr\/index.php?rest_route=%2Fwp%2Fv2%2Fcategories&post=3027"},{"taxonomy":"post_tag","embeddable":true,"href":"https:\/\/ville-valdeblore.fr\/index.php?rest_route=%2Fwp%2Fv2%2Ftags&post=3027"}],"curies":[{"name":"wp","href":"https:\/\/api.w.org\/{rel}","templated":true}]}}