{"id":3013,"date":"2015-10-27T11:16:37","date_gmt":"2015-10-27T10:16:37","guid":{"rendered":"https:\/\/ville-valdeblore.fr\/?p=3013"},"modified":"2015-10-27T11:17:52","modified_gmt":"2015-10-27T10:17:52","slug":"natura-2000","status":"publish","type":"post","link":"https:\/\/ville-valdeblore.fr\/?p=3013","title":{"rendered":"Natura 2000"},"content":{"rendered":"<h4>Natura 2000, une collaboration internationale pour prot\u00e9ger la diversit\u00e9 biologique<\/h4>\n<p>Sur le territoire europ\u00e9en, la diversit\u00e9 des esp\u00e8ces et de leurs lieux de vie s\u2019appauvrit peu \u00e0 peu. Conserver ces richesses naturelles n\u2019est pas uniquement limiter l\u2019impact de l\u2019Homme mais c\u2019est surtout r\u00e9fl\u00e9chir \u00e0 des activit\u00e9s humaines adapt\u00e9es et durables.<\/p>\n<h4>Natura 2000, c&rsquo;est :<\/h4>\n<p><strong><span style=\"text-decoration: underline;\">Un regroupement de sites naturels europ\u00e9ens :<\/span><\/strong> ils b\u00e9n\u00e9ficient d&rsquo;une gestion et d&rsquo;une protection particuli\u00e8re. Ce sont des zones fragiles ou abritant des esp\u00e8ces animales d&rsquo;un int\u00e9r\u00eat particulier. L&rsquo;ensemble de ces sites forme le r\u00e9seau Natura 2000.<br \/>\n<strong><span style=\"text-decoration: underline;\">La volont\u00e9 de trouver un \u00e9quilibre durable :<\/span> <\/strong>concilier la pr\u00e9servation des esp\u00e8ces et de leurs habitats (ou lieux de vie) et l&rsquo;utilisation du territoire par l&rsquo;Homme (agriculture, tourisme,&#8230;).<br \/>\nD\u00e9broussailler un sous-bois ou entretenir un cours d&rsquo;eau sont autant d&rsquo;actions simples pourtant essentielles \u00e0 la pr\u00e9servation d&rsquo;un milieu ou d&rsquo;une esp\u00e8ce sensible.<\/p>\n<h4>Natura 2000 en France :<\/h4>\n<p><span style=\"text-decoration: underline;\"><strong><a href=\"https:\/\/ville-valdeblore.fr\/wp-content\/uploads\/2015\/10\/NATURA-2000-logo.bmp\"><img loading=\"lazy\" decoding=\"async\" class=\"alignleft wp-image-3019 size-full\" src=\"https:\/\/ville-valdeblore.fr\/wp-content\/uploads\/2015\/10\/NATURA-2000-logo.bmp\" alt=\"NATURA 2000 logo\" width=\"175\" height=\"129\" \/><\/a>En quelques chiffres, Natura 2000 c&rsquo;est&#8230;<\/strong><\/span><br \/>\n\u2022 1992 : la mise en place du projet<br \/>\n\u2022 En Europe : 25 000 sites<br \/>\n\u2022 En France : 1 706 sites soit 12,4 % du territoire<br \/>\n\u2022 41 % des sites sont des zones agricoles, 39 % des zones foresti\u00e8res, 30 % du territoire de la r\u00e9gion Provence-Alpes-C\u00f4te-d&rsquo;Azur<\/p>\n<h4>Concernant le PNM et Valdeblore<\/h4>\n<p><span style=\"text-decoration: underline;\"><strong>Caract\u00e9ristiques du site<\/strong><\/span><\/p>\n<p><a href=\"https:\/\/ville-valdeblore.fr\/wp-content\/uploads\/2015\/10\/index-4.jpg\"><img loading=\"lazy\" decoding=\"async\" class=\"alignleft wp-image-3023 size-thumbnail\" src=\"https:\/\/ville-valdeblore.fr\/wp-content\/uploads\/2015\/10\/index-4-150x150.jpg\" alt=\"index 4\" width=\"150\" height=\"150\" \/><\/a> Zone de montagnes du sud des Alpes situ\u00e9e entre 450m et plus de 2500m. Contraste extr\u00eame li\u00e9 au climat, \u00e0 l&rsquo;altitude et \u00e0 l&rsquo;exposition \u00e0 l&rsquo;origine d&rsquo;une tr\u00e8s grande diversit\u00e9 d&rsquo;esp\u00e8ces et de milieux. Zone de contact biologique orom\u00e9diterran\u00e9en, intra-Alpin, Alpes Ligures. Zone exceptionnelle d&rsquo;un point de vue floristique, la plus riche de France en end\u00e9miques. Extr\u00eame richesse en invert\u00e9br\u00e9s.<br \/>\nPr\u00e9sence r\u00e9cente du loup. L&rsquo;adaptabilit\u00e9 tr\u00e8s forte de cette esp\u00e8ce fait qu&rsquo;elle ne peut \u00eatre li\u00e9e \u00e0 un habitat particulier, mais c&rsquo;est plus la surface globale de la zone et son statut de protection actuel qui pr\u00e9sentent un int\u00e9r\u00eat dans la mesure o\u00f9 elle se trouve en zone centrale d&rsquo;un parc national.<br \/>\nD&rsquo;une mani\u00e8re g\u00e9n\u00e9rale, la zone est recouverte par deux principaux milieux : 25 \u00e0 30% de for\u00eats, 55% de landes et pelouses. Une proportion importante des pelouses sont p\u00e2tur\u00e9es, principalement entre mai et octobre.<br \/>\nPar ailleurs, la pr\u00e9sence d&rsquo;un pastoralisme majoritairement ovin et extr\u00eamement d\u00e9velopp\u00e9 induit de nombreux conflits d&rsquo;usage du fait des dommages occasionn\u00e9s aux troupeaux par le loup.<\/p>\n<p><span style=\"text-decoration: underline;\"><strong>Qualit\u00e9 et importance<\/strong><\/span><br \/>\nZone d&rsquo;int\u00e9r\u00eat floristique d&rsquo;importance internationale. Concernant le loup, ce secteur abrite la premi\u00e8re population de loup implant\u00e9e dans les Alpes fran\u00e7aises depuis le d\u00e9but du si\u00e8cle, dont les individus sont issus de la population italienne en progression. Les trois-quarts de la population de loup recens\u00e9e dans le sud des Alpes, soit un minimum de 15 individus r\u00e9partis en 3 meutes, y <a href=\"https:\/\/ville-valdeblore.fr\/wp-content\/uploads\/2015\/10\/index-1.jpg\"><img loading=\"lazy\" decoding=\"async\" class=\"alignright wp-image-3021 size-thumbnail\" src=\"https:\/\/ville-valdeblore.fr\/wp-content\/uploads\/2015\/10\/index-1-150x150.jpg\" alt=\"index 1\" width=\"150\" height=\"150\" \/><\/a>\u00e9taient pr\u00e9sents en 1998. La quatri\u00e8me meute, transfrontali\u00e8re avec l&rsquo;Italie est quant \u00e0 elle susceptible d&rsquo;y faire des incursions. C&rsquo;est dans ce site qu&rsquo;ont eu lieu la plupart des reproductions observ\u00e9es depuis 1993.<br \/>\nDe ce fait, ces groupes constituent probablement la source principale de colonisateurs pour le reste de l&rsquo;Arc Alpin Franco-Italien, puis pour la Suisse. Il assure par ailleurs la continuit\u00e9 entre les populations italiennes de l&rsquo;Apennin et celles des Alpes. Bien que le site seul ne puisse suffire \u00e0 accueillir une population viable, sa surface, la disponibilit\u00e9 en proies sauvages, et son \u00e9tendue sur plusieurs vall\u00e9es lui permettent de jouer un r\u00f4le de refuge pour au moins 4 groupes.<\/p>\n<p><span style=\"text-decoration: underline;\"><strong>Vuln\u00e9rabilit\u00e9<\/strong><\/span><br \/>\n<a href=\"https:\/\/ville-valdeblore.fr\/wp-content\/uploads\/2015\/10\/index-3.jpg\"><img loading=\"lazy\" decoding=\"async\" class=\"alignleft wp-image-3022 size-thumbnail\" src=\"https:\/\/ville-valdeblore.fr\/wp-content\/uploads\/2015\/10\/index-3-150x150.jpg\" alt=\"index 3\" width=\"150\" height=\"150\" \/><\/a>Le site m\u00e9rite une gestion et une approche particuli\u00e8res ne prenant pas seulement en compte le loup, mais l&rsquo;ensemble de la diversit\u00e9 floristique et faunistique, et des milieux. Il faut tout particuli\u00e8rement suivre les cons\u00e9quences des modifications des pratiques agropastorales (et parfois foresti\u00e8res) et de l&rsquo;abandon du milieu rural pour une partie importante de la zone.<br \/>\nDu fait de la biologie propre de l&rsquo;esp\u00e8ce, et en particulier de son fonctionnement en meute, avec une seule reproduction par groupe social, la taille de ce noyau de population est encore faible au regard des crit\u00e8res de la biologie de la conservation.<br \/>\nLa vuln\u00e9rabilit\u00e9 est globalement li\u00e9e \u00e0 des conflits d&rsquo;usage pouvant \u00e9ventuellement entra\u00eener des actions de braconnage ou d&#8217;empoisonnement. Il est n\u00e9cessaire de diminuer les causes de conflits avec l&rsquo;activit\u00e9 humaine pour am\u00e9liorer la cohabitation, notamment par la mise en place d&rsquo;\u00e9quipements pastoraux adapt\u00e9s \u00e0 la pr\u00e9sence de l&rsquo;esp\u00e8ce<\/p>\n<div id=\"themify_builder_content-3013\" data-postid=\"3013\" class=\"themify_builder_content themify_builder_content-3013 themify_builder\">\n\n    <\/div>\n<!-- \/themify_builder_content -->","protected":false},"excerpt":{"rendered":"<p>Natura 2000, une collaboration internationale pour prot\u00e9ger la diversit\u00e9 biologique Sur le territoire europ\u00e9en, la diversit\u00e9 des esp\u00e8ces et de leurs lieux de vie s\u2019appauvrit peu \u00e0 peu. Conserver ces [&hellip;]<\/p>\n","protected":false},"author":2,"featured_media":3016,"comment_status":"closed","ping_status":"closed","sticky":false,"template":"","format":"standard","meta":{"footnotes":""},"categories":[78,130],"tags":[],"yoast_head":"<!-- This site is optimized with the Yoast SEO plugin v23.0 - https:\/\/yoast.com\/wordpress\/plugins\/seo\/ -->\n<title>Natura 2000 - Valdeblore<\/title>\n<meta name=\"robots\" content=\"index, follow, max-snippet:-1, max-image-preview:large, max-video-preview:-1\" \/>\n<link rel=\"canonical\" href=\"https:\/\/ville-valdeblore.fr\/?p=3013\" \/>\n<meta property=\"og:locale\" content=\"fr_FR\" \/>\n<meta property=\"og:type\" content=\"article\" \/>\n<meta property=\"og:title\" content=\"Natura 2000 - Valdeblore\" \/>\n<meta property=\"og:description\" content=\"Natura 2000, une collaboration internationale pour prot\u00e9ger la diversit\u00e9 biologique Sur le territoire europ\u00e9en, la diversit\u00e9 des esp\u00e8ces et de leurs lieux de vie s\u2019appauvrit peu \u00e0 peu. Conserver ces [&hellip;]\" \/>\n<meta property=\"og:url\" content=\"https:\/\/ville-valdeblore.fr\/?p=3013\" \/>\n<meta property=\"og:site_name\" content=\"Valdeblore\" \/>\n<meta property=\"article:published_time\" content=\"2015-10-27T10:16:37+00:00\" \/>\n<meta property=\"article:modified_time\" content=\"2015-10-27T10:17:52+00:00\" \/>\n<meta property=\"og:image\" content=\"https:\/\/ville-valdeblore.fr\/wp-content\/uploads\/2015\/10\/Sites-Natura-2000.png\" \/>\n\t<meta property=\"og:image:width\" content=\"1148\" \/>\n\t<meta property=\"og:image:height\" content=\"680\" \/>\n\t<meta property=\"og:image:type\" content=\"image\/png\" \/>\n<meta name=\"author\" content=\"Admin Valdeblore\" \/>\n<meta name=\"twitter:label1\" content=\"\u00c9crit par\" \/>\n\t<meta name=\"twitter:data1\" content=\"Admin Valdeblore\" \/>\n\t<meta name=\"twitter:label2\" content=\"Dur\u00e9e de lecture estim\u00e9e\" \/>\n\t<meta name=\"twitter:data2\" content=\"4 minutes\" \/>\n<script type=\"application\/ld+json\" class=\"yoast-schema-graph\">{\"@context\":\"https:\/\/schema.org\",\"@graph\":[{\"@type\":\"WebPage\",\"@id\":\"https:\/\/ville-valdeblore.fr\/?p=3013\",\"url\":\"https:\/\/ville-valdeblore.fr\/?p=3013\",\"name\":\"Natura 2000 - Valdeblore\",\"isPartOf\":{\"@id\":\"https:\/\/ville-valdeblore.fr\/#website\"},\"primaryImageOfPage\":{\"@id\":\"https:\/\/ville-valdeblore.fr\/?p=3013#primaryimage\"},\"image\":{\"@id\":\"https:\/\/ville-valdeblore.fr\/?p=3013#primaryimage\"},\"thumbnailUrl\":\"https:\/\/ville-valdeblore.fr\/wp-content\/uploads\/2015\/10\/Sites-Natura-2000.png\",\"datePublished\":\"2015-10-27T10:16:37+00:00\",\"dateModified\":\"2015-10-27T10:17:52+00:00\",\"author\":{\"@id\":\"https:\/\/ville-valdeblore.fr\/#\/schema\/person\/104c4e7b310a99c82a507dc2c5c67939\"},\"breadcrumb\":{\"@id\":\"https:\/\/ville-valdeblore.fr\/?p=3013#breadcrumb\"},\"inLanguage\":\"fr-FR\",\"potentialAction\":[{\"@type\":\"ReadAction\",\"target\":[\"https:\/\/ville-valdeblore.fr\/?p=3013\"]}]},{\"@type\":\"ImageObject\",\"inLanguage\":\"fr-FR\",\"@id\":\"https:\/\/ville-valdeblore.fr\/?p=3013#primaryimage\",\"url\":\"https:\/\/ville-valdeblore.fr\/wp-content\/uploads\/2015\/10\/Sites-Natura-2000.png\",\"contentUrl\":\"https:\/\/ville-valdeblore.fr\/wp-content\/uploads\/2015\/10\/Sites-Natura-2000.png\",\"width\":1148,\"height\":680},{\"@type\":\"BreadcrumbList\",\"@id\":\"https:\/\/ville-valdeblore.fr\/?p=3013#breadcrumb\",\"itemListElement\":[{\"@type\":\"ListItem\",\"position\":1,\"name\":\"Accueil\",\"item\":\"https:\/\/ville-valdeblore.fr\/\"},{\"@type\":\"ListItem\",\"position\":2,\"name\":\"Natura 2000\"}]},{\"@type\":\"WebSite\",\"@id\":\"https:\/\/ville-valdeblore.fr\/#website\",\"url\":\"https:\/\/ville-valdeblore.fr\/\",\"name\":\"Valdeblore\",\"description\":\"Entre Tin\u00e9e et V\u00e9subie\",\"potentialAction\":[{\"@type\":\"SearchAction\",\"target\":{\"@type\":\"EntryPoint\",\"urlTemplate\":\"https:\/\/ville-valdeblore.fr\/?s={search_term_string}\"},\"query-input\":\"required name=search_term_string\"}],\"inLanguage\":\"fr-FR\"},{\"@type\":\"Person\",\"@id\":\"https:\/\/ville-valdeblore.fr\/#\/schema\/person\/104c4e7b310a99c82a507dc2c5c67939\",\"name\":\"Admin Valdeblore\",\"image\":{\"@type\":\"ImageObject\",\"inLanguage\":\"fr-FR\",\"@id\":\"https:\/\/ville-valdeblore.fr\/#\/schema\/person\/image\/\",\"url\":\"https:\/\/secure.gravatar.com\/avatar\/14a7316c2542aa289e4591f671d8e16c?s=96&d=mm&r=g\",\"contentUrl\":\"https:\/\/secure.gravatar.com\/avatar\/14a7316c2542aa289e4591f671d8e16c?s=96&d=mm&r=g\",\"caption\":\"Admin Valdeblore\"},\"url\":\"https:\/\/ville-valdeblore.fr\/?author=2\"}]}<\/script>\n<!-- \/ Yoast SEO plugin. -->","yoast_head_json":{"title":"Natura 2000 - Valdeblore","robots":{"index":"index","follow":"follow","max-snippet":"max-snippet:-1","max-image-preview":"max-image-preview:large","max-video-preview":"max-video-preview:-1"},"canonical":"https:\/\/ville-valdeblore.fr\/?p=3013","og_locale":"fr_FR","og_type":"article","og_title":"Natura 2000 - Valdeblore","og_description":"Natura 2000, une collaboration internationale pour prot\u00e9ger la diversit\u00e9 biologique Sur le territoire europ\u00e9en, la diversit\u00e9 des esp\u00e8ces et de leurs lieux de vie s\u2019appauvrit peu \u00e0 peu. Conserver ces [&hellip;]","og_url":"https:\/\/ville-valdeblore.fr\/?p=3013","og_site_name":"Valdeblore","article_published_time":"2015-10-27T10:16:37+00:00","article_modified_time":"2015-10-27T10:17:52+00:00","og_image":[{"width":1148,"height":680,"url":"https:\/\/ville-valdeblore.fr\/wp-content\/uploads\/2015\/10\/Sites-Natura-2000.png","type":"image\/png"}],"author":"Admin Valdeblore","twitter_misc":{"\u00c9crit par":"Admin Valdeblore","Dur\u00e9e de lecture estim\u00e9e":"4 minutes"},"schema":{"@context":"https:\/\/schema.org","@graph":[{"@type":"WebPage","@id":"https:\/\/ville-valdeblore.fr\/?p=3013","url":"https:\/\/ville-valdeblore.fr\/?p=3013","name":"Natura 2000 - Valdeblore","isPartOf":{"@id":"https:\/\/ville-valdeblore.fr\/#website"},"primaryImageOfPage":{"@id":"https:\/\/ville-valdeblore.fr\/?p=3013#primaryimage"},"image":{"@id":"https:\/\/ville-valdeblore.fr\/?p=3013#primaryimage"},"thumbnailUrl":"https:\/\/ville-valdeblore.fr\/wp-content\/uploads\/2015\/10\/Sites-Natura-2000.png","datePublished":"2015-10-27T10:16:37+00:00","dateModified":"2015-10-27T10:17:52+00:00","author":{"@id":"https:\/\/ville-valdeblore.fr\/#\/schema\/person\/104c4e7b310a99c82a507dc2c5c67939"},"breadcrumb":{"@id":"https:\/\/ville-valdeblore.fr\/?p=3013#breadcrumb"},"inLanguage":"fr-FR","potentialAction":[{"@type":"ReadAction","target":["https:\/\/ville-valdeblore.fr\/?p=3013"]}]},{"@type":"ImageObject","inLanguage":"fr-FR","@id":"https:\/\/ville-valdeblore.fr\/?p=3013#primaryimage","url":"https:\/\/ville-valdeblore.fr\/wp-content\/uploads\/2015\/10\/Sites-Natura-2000.png","contentUrl":"https:\/\/ville-valdeblore.fr\/wp-content\/uploads\/2015\/10\/Sites-Natura-2000.png","width":1148,"height":680},{"@type":"BreadcrumbList","@id":"https:\/\/ville-valdeblore.fr\/?p=3013#breadcrumb","itemListElement":[{"@type":"ListItem","position":1,"name":"Accueil","item":"https:\/\/ville-valdeblore.fr\/"},{"@type":"ListItem","position":2,"name":"Natura 2000"}]},{"@type":"WebSite","@id":"https:\/\/ville-valdeblore.fr\/#website","url":"https:\/\/ville-valdeblore.fr\/","name":"Valdeblore","description":"Entre Tin\u00e9e et V\u00e9subie","potentialAction":[{"@type":"SearchAction","target":{"@type":"EntryPoint","urlTemplate":"https:\/\/ville-valdeblore.fr\/?s={search_term_string}"},"query-input":"required name=search_term_string"}],"inLanguage":"fr-FR"},{"@type":"Person","@id":"https:\/\/ville-valdeblore.fr\/#\/schema\/person\/104c4e7b310a99c82a507dc2c5c67939","name":"Admin Valdeblore","image":{"@type":"ImageObject","inLanguage":"fr-FR","@id":"https:\/\/ville-valdeblore.fr\/#\/schema\/person\/image\/","url":"https:\/\/secure.gravatar.com\/avatar\/14a7316c2542aa289e4591f671d8e16c?s=96&d=mm&r=g","contentUrl":"https:\/\/secure.gravatar.com\/avatar\/14a7316c2542aa289e4591f671d8e16c?s=96&d=mm&r=g","caption":"Admin Valdeblore"},"url":"https:\/\/ville-valdeblore.fr\/?author=2"}]}},"publishpress_future_action":{"enabled":false,"date":"2026-05-07 17:05:32","action":"change-status","newStatus":"draft","terms":[],"taxonomy":"category"},"_links":{"self":[{"href":"https:\/\/ville-valdeblore.fr\/index.php?rest_route=\/wp\/v2\/posts\/3013"}],"collection":[{"href":"https:\/\/ville-valdeblore.fr\/index.php?rest_route=\/wp\/v2\/posts"}],"about":[{"href":"https:\/\/ville-valdeblore.fr\/index.php?rest_route=\/wp\/v2\/types\/post"}],"author":[{"embeddable":true,"href":"https:\/\/ville-valdeblore.fr\/index.php?rest_route=\/wp\/v2\/users\/2"}],"replies":[{"embeddable":true,"href":"https:\/\/ville-valdeblore.fr\/index.php?rest_route=%2Fwp%2Fv2%2Fcomments&post=3013"}],"version-history":[{"count":6,"href":"https:\/\/ville-valdeblore.fr\/index.php?rest_route=\/wp\/v2\/posts\/3013\/revisions"}],"predecessor-version":[{"id":3025,"href":"https:\/\/ville-valdeblore.fr\/index.php?rest_route=\/wp\/v2\/posts\/3013\/revisions\/3025"}],"wp:featuredmedia":[{"embeddable":true,"href":"https:\/\/ville-valdeblore.fr\/index.php?rest_route=\/wp\/v2\/media\/3016"}],"wp:attachment":[{"href":"https:\/\/ville-valdeblore.fr\/index.php?rest_route=%2Fwp%2Fv2%2Fmedia&parent=3013"}],"wp:term":[{"taxonomy":"category","embeddable":true,"href":"https:\/\/ville-valdeblore.fr\/index.php?rest_route=%2Fwp%2Fv2%2Fcategories&post=3013"},{"taxonomy":"post_tag","embeddable":true,"href":"https:\/\/ville-valdeblore.fr\/index.php?rest_route=%2Fwp%2Fv2%2Ftags&post=3013"}],"curies":[{"name":"wp","href":"https:\/\/api.w.org\/{rel}","templated":true}]}}