{"id":3006,"date":"2015-10-27T10:41:07","date_gmt":"2015-10-27T09:41:07","guid":{"rendered":"https:\/\/ville-valdeblore.fr\/?p=3006"},"modified":"2015-11-20T17:05:52","modified_gmt":"2015-11-20T16:05:52","slug":"geographie","status":"publish","type":"post","link":"https:\/\/ville-valdeblore.fr\/?p=3006","title":{"rendered":"G\u00e9ographie"},"content":{"rendered":"<p>Plateau pos\u00e9 entre la vall\u00e9e de La Tin\u00e9e et de La V\u00e9subie le Val de Blore s\u2019\u00e9tend sur 9416 ha dont 3137 de for\u00eats de m\u00e9l\u00e8zes, \u00e9pic\u00e9as et sapins.<br \/>\nUne surface de 4200 ha est affect\u00e9e au Parc National du Mercantour.<\/p>\n<h4>Limites territoriales :<\/h4>\n<p><a href=\"https:\/\/ville-valdeblore.fr\/wp-content\/uploads\/2015\/10\/Carte-g\u00e9o.jpg\"><img loading=\"lazy\" decoding=\"async\" class=\"alignleft wp-image-3007 size-full\" src=\"https:\/\/ville-valdeblore.fr\/wp-content\/uploads\/2015\/10\/Carte-g\u00e9o.jpg\" alt=\"Carte g\u00e9o\" width=\"397\" height=\"500\" srcset=\"https:\/\/ville-valdeblore.fr\/wp-content\/uploads\/2015\/10\/Carte-g\u00e9o.jpg 397w, https:\/\/ville-valdeblore.fr\/wp-content\/uploads\/2015\/10\/Carte-g\u00e9o-238x300.jpg 238w, https:\/\/ville-valdeblore.fr\/wp-content\/uploads\/2015\/10\/Carte-g\u00e9o-320x403.jpg 320w\" sizes=\"(max-width: 397px) 100vw, 397px\" \/><\/a>Avec les communes de : Rimplas, St Sauveur sur Tin\u00e9e, Isola, Italie,<br \/>\nSt Martin V\u00e9subie, Venanson, Marie sur Tin\u00e9e.<\/p>\n<h4>Point le plus haut :<\/h4>\n<p>2897m \u201cT\u00eate du Claus\u201d<\/p>\n<h4>Origine des sols :<\/h4>\n<p>Trias &#8211; cr\u00e9tac\u00e9 &#8211; gneiss micaschistes- schistes.<\/p>\n<h4>Caract\u00e9ristiques :<\/h4>\n<p>Territoire de montagne, en arcs successifs.<br \/>\nAu Nord une premi\u00e8re ligne de cr\u00eates constituant la fronti\u00e8re avec l\u2019Italie Monts P\u00e9l\u00e9vos 2455m, Merci\u00e8re 2491m, Tavels 2795m, Portettes 2823m, Fr\u00e9mamorta 2730m et Pagari de Sal\u00e8se 2678m.<br \/>\nAu centre une deuxi\u00e8me ligne de cr\u00eates constitu\u00e9e des Monts des Lauses 2651m, Marges 2550m, Belletz et le Cayre Arcas 2632m.<br \/>\nEnfin au sud la derni\u00e8re ligne avec le Mont Viroulet 1869m, le Caire Gros 2087m et le col de la Colmiane 1795m.<\/p>\n<p>Le Mont Giraud 2606m, domine le centre de la commune en descendant en d\u00e9grad\u00e9 jusqu\u2019\u00e0 une terrasse glaciaire qui porte les agglom\u00e9rations.<\/p>\n<p>La commune poss\u00e8de \u00e9galement de nombreux lacs d\u2019altitude : Lacs de Fr\u00e9mamorta 2393m, Lacs de Millefonts 2395m, Lac de Tavels 2235m, Lac N\u00e8gre 2354m, Lac du Barn 2129m, Lac d\u2019en Veillos 2432m et bien d\u2019autres, et de cours d\u2019eau comme le Vallon de Molli\u00e8res, le Vallon de Millefonts, du Gasc et celui du Bramafam.<\/p>\n<div id=\"themify_builder_content-3006\" data-postid=\"3006\" class=\"themify_builder_content themify_builder_content-3006 themify_builder\">\n\n    <\/div>\n<!-- \/themify_builder_content -->","protected":false},"excerpt":{"rendered":"<p>Plateau pos\u00e9 entre la vall\u00e9e de La Tin\u00e9e et de La V\u00e9subie le Val de Blore s\u2019\u00e9tend sur 9416 ha dont 3137 de for\u00eats de m\u00e9l\u00e8zes, \u00e9pic\u00e9as et sapins. Une [&hellip;]<\/p>\n","protected":false},"author":2,"featured_media":3008,"comment_status":"closed","ping_status":"closed","sticky":false,"template":"","format":"standard","meta":{"footnotes":""},"categories":[128,78,153],"tags":[],"yoast_head":"<!-- This site is optimized with the Yoast SEO plugin v23.0 - https:\/\/yoast.com\/wordpress\/plugins\/seo\/ -->\n<title>G\u00e9ographie - Valdeblore<\/title>\n<meta name=\"robots\" content=\"index, follow, max-snippet:-1, max-image-preview:large, max-video-preview:-1\" \/>\n<link rel=\"canonical\" href=\"https:\/\/ville-valdeblore.fr\/?p=3006\" \/>\n<meta property=\"og:locale\" content=\"fr_FR\" \/>\n<meta property=\"og:type\" content=\"article\" \/>\n<meta property=\"og:title\" content=\"G\u00e9ographie - Valdeblore\" \/>\n<meta property=\"og:description\" content=\"Plateau pos\u00e9 entre la vall\u00e9e de La Tin\u00e9e et de La V\u00e9subie le Val de Blore s\u2019\u00e9tend sur 9416 ha dont 3137 de for\u00eats de m\u00e9l\u00e8zes, \u00e9pic\u00e9as et sapins. Une [&hellip;]\" \/>\n<meta property=\"og:url\" content=\"https:\/\/ville-valdeblore.fr\/?p=3006\" \/>\n<meta property=\"og:site_name\" content=\"Valdeblore\" \/>\n<meta property=\"article:published_time\" content=\"2015-10-27T09:41:07+00:00\" \/>\n<meta property=\"article:modified_time\" content=\"2015-11-20T16:05:52+00:00\" \/>\n<meta property=\"og:image\" content=\"https:\/\/ville-valdeblore.fr\/wp-content\/uploads\/2015\/10\/11218059_819394108158822_7871519905801747121_n.jpg\" \/>\n\t<meta property=\"og:image:width\" content=\"872\" \/>\n\t<meta property=\"og:image:height\" content=\"464\" \/>\n\t<meta property=\"og:image:type\" content=\"image\/jpeg\" \/>\n<meta name=\"author\" content=\"Admin Valdeblore\" \/>\n<meta name=\"twitter:label1\" content=\"\u00c9crit par\" \/>\n\t<meta name=\"twitter:data1\" content=\"Admin Valdeblore\" \/>\n\t<meta name=\"twitter:label2\" content=\"Dur\u00e9e de lecture estim\u00e9e\" \/>\n\t<meta name=\"twitter:data2\" content=\"1 minute\" \/>\n<script type=\"application\/ld+json\" class=\"yoast-schema-graph\">{\"@context\":\"https:\/\/schema.org\",\"@graph\":[{\"@type\":\"WebPage\",\"@id\":\"https:\/\/ville-valdeblore.fr\/?p=3006\",\"url\":\"https:\/\/ville-valdeblore.fr\/?p=3006\",\"name\":\"G\u00e9ographie - Valdeblore\",\"isPartOf\":{\"@id\":\"https:\/\/ville-valdeblore.fr\/#website\"},\"primaryImageOfPage\":{\"@id\":\"https:\/\/ville-valdeblore.fr\/?p=3006#primaryimage\"},\"image\":{\"@id\":\"https:\/\/ville-valdeblore.fr\/?p=3006#primaryimage\"},\"thumbnailUrl\":\"https:\/\/ville-valdeblore.fr\/wp-content\/uploads\/2015\/10\/11218059_819394108158822_7871519905801747121_n.jpg\",\"datePublished\":\"2015-10-27T09:41:07+00:00\",\"dateModified\":\"2015-11-20T16:05:52+00:00\",\"author\":{\"@id\":\"https:\/\/ville-valdeblore.fr\/#\/schema\/person\/104c4e7b310a99c82a507dc2c5c67939\"},\"breadcrumb\":{\"@id\":\"https:\/\/ville-valdeblore.fr\/?p=3006#breadcrumb\"},\"inLanguage\":\"fr-FR\",\"potentialAction\":[{\"@type\":\"ReadAction\",\"target\":[\"https:\/\/ville-valdeblore.fr\/?p=3006\"]}]},{\"@type\":\"ImageObject\",\"inLanguage\":\"fr-FR\",\"@id\":\"https:\/\/ville-valdeblore.fr\/?p=3006#primaryimage\",\"url\":\"https:\/\/ville-valdeblore.fr\/wp-content\/uploads\/2015\/10\/11218059_819394108158822_7871519905801747121_n.jpg\",\"contentUrl\":\"https:\/\/ville-valdeblore.fr\/wp-content\/uploads\/2015\/10\/11218059_819394108158822_7871519905801747121_n.jpg\",\"width\":872,\"height\":464},{\"@type\":\"BreadcrumbList\",\"@id\":\"https:\/\/ville-valdeblore.fr\/?p=3006#breadcrumb\",\"itemListElement\":[{\"@type\":\"ListItem\",\"position\":1,\"name\":\"Accueil\",\"item\":\"https:\/\/ville-valdeblore.fr\/\"},{\"@type\":\"ListItem\",\"position\":2,\"name\":\"G\u00e9ographie\"}]},{\"@type\":\"WebSite\",\"@id\":\"https:\/\/ville-valdeblore.fr\/#website\",\"url\":\"https:\/\/ville-valdeblore.fr\/\",\"name\":\"Valdeblore\",\"description\":\"Entre Tin\u00e9e et V\u00e9subie\",\"potentialAction\":[{\"@type\":\"SearchAction\",\"target\":{\"@type\":\"EntryPoint\",\"urlTemplate\":\"https:\/\/ville-valdeblore.fr\/?s={search_term_string}\"},\"query-input\":\"required name=search_term_string\"}],\"inLanguage\":\"fr-FR\"},{\"@type\":\"Person\",\"@id\":\"https:\/\/ville-valdeblore.fr\/#\/schema\/person\/104c4e7b310a99c82a507dc2c5c67939\",\"name\":\"Admin Valdeblore\",\"image\":{\"@type\":\"ImageObject\",\"inLanguage\":\"fr-FR\",\"@id\":\"https:\/\/ville-valdeblore.fr\/#\/schema\/person\/image\/\",\"url\":\"https:\/\/secure.gravatar.com\/avatar\/14a7316c2542aa289e4591f671d8e16c?s=96&d=mm&r=g\",\"contentUrl\":\"https:\/\/secure.gravatar.com\/avatar\/14a7316c2542aa289e4591f671d8e16c?s=96&d=mm&r=g\",\"caption\":\"Admin Valdeblore\"},\"url\":\"https:\/\/ville-valdeblore.fr\/?author=2\"}]}<\/script>\n<!-- \/ Yoast SEO plugin. -->","yoast_head_json":{"title":"G\u00e9ographie - Valdeblore","robots":{"index":"index","follow":"follow","max-snippet":"max-snippet:-1","max-image-preview":"max-image-preview:large","max-video-preview":"max-video-preview:-1"},"canonical":"https:\/\/ville-valdeblore.fr\/?p=3006","og_locale":"fr_FR","og_type":"article","og_title":"G\u00e9ographie - Valdeblore","og_description":"Plateau pos\u00e9 entre la vall\u00e9e de La Tin\u00e9e et de La V\u00e9subie le Val de Blore s\u2019\u00e9tend sur 9416 ha dont 3137 de for\u00eats de m\u00e9l\u00e8zes, \u00e9pic\u00e9as et sapins. Une [&hellip;]","og_url":"https:\/\/ville-valdeblore.fr\/?p=3006","og_site_name":"Valdeblore","article_published_time":"2015-10-27T09:41:07+00:00","article_modified_time":"2015-11-20T16:05:52+00:00","og_image":[{"width":872,"height":464,"url":"https:\/\/ville-valdeblore.fr\/wp-content\/uploads\/2015\/10\/11218059_819394108158822_7871519905801747121_n.jpg","type":"image\/jpeg"}],"author":"Admin Valdeblore","twitter_misc":{"\u00c9crit par":"Admin Valdeblore","Dur\u00e9e de lecture estim\u00e9e":"1 minute"},"schema":{"@context":"https:\/\/schema.org","@graph":[{"@type":"WebPage","@id":"https:\/\/ville-valdeblore.fr\/?p=3006","url":"https:\/\/ville-valdeblore.fr\/?p=3006","name":"G\u00e9ographie - Valdeblore","isPartOf":{"@id":"https:\/\/ville-valdeblore.fr\/#website"},"primaryImageOfPage":{"@id":"https:\/\/ville-valdeblore.fr\/?p=3006#primaryimage"},"image":{"@id":"https:\/\/ville-valdeblore.fr\/?p=3006#primaryimage"},"thumbnailUrl":"https:\/\/ville-valdeblore.fr\/wp-content\/uploads\/2015\/10\/11218059_819394108158822_7871519905801747121_n.jpg","datePublished":"2015-10-27T09:41:07+00:00","dateModified":"2015-11-20T16:05:52+00:00","author":{"@id":"https:\/\/ville-valdeblore.fr\/#\/schema\/person\/104c4e7b310a99c82a507dc2c5c67939"},"breadcrumb":{"@id":"https:\/\/ville-valdeblore.fr\/?p=3006#breadcrumb"},"inLanguage":"fr-FR","potentialAction":[{"@type":"ReadAction","target":["https:\/\/ville-valdeblore.fr\/?p=3006"]}]},{"@type":"ImageObject","inLanguage":"fr-FR","@id":"https:\/\/ville-valdeblore.fr\/?p=3006#primaryimage","url":"https:\/\/ville-valdeblore.fr\/wp-content\/uploads\/2015\/10\/11218059_819394108158822_7871519905801747121_n.jpg","contentUrl":"https:\/\/ville-valdeblore.fr\/wp-content\/uploads\/2015\/10\/11218059_819394108158822_7871519905801747121_n.jpg","width":872,"height":464},{"@type":"BreadcrumbList","@id":"https:\/\/ville-valdeblore.fr\/?p=3006#breadcrumb","itemListElement":[{"@type":"ListItem","position":1,"name":"Accueil","item":"https:\/\/ville-valdeblore.fr\/"},{"@type":"ListItem","position":2,"name":"G\u00e9ographie"}]},{"@type":"WebSite","@id":"https:\/\/ville-valdeblore.fr\/#website","url":"https:\/\/ville-valdeblore.fr\/","name":"Valdeblore","description":"Entre Tin\u00e9e et V\u00e9subie","potentialAction":[{"@type":"SearchAction","target":{"@type":"EntryPoint","urlTemplate":"https:\/\/ville-valdeblore.fr\/?s={search_term_string}"},"query-input":"required name=search_term_string"}],"inLanguage":"fr-FR"},{"@type":"Person","@id":"https:\/\/ville-valdeblore.fr\/#\/schema\/person\/104c4e7b310a99c82a507dc2c5c67939","name":"Admin Valdeblore","image":{"@type":"ImageObject","inLanguage":"fr-FR","@id":"https:\/\/ville-valdeblore.fr\/#\/schema\/person\/image\/","url":"https:\/\/secure.gravatar.com\/avatar\/14a7316c2542aa289e4591f671d8e16c?s=96&d=mm&r=g","contentUrl":"https:\/\/secure.gravatar.com\/avatar\/14a7316c2542aa289e4591f671d8e16c?s=96&d=mm&r=g","caption":"Admin Valdeblore"},"url":"https:\/\/ville-valdeblore.fr\/?author=2"}]}},"publishpress_future_action":{"enabled":false,"date":"2026-05-07 18:44:52","action":"change-status","newStatus":"draft","terms":[],"taxonomy":"category"},"_links":{"self":[{"href":"https:\/\/ville-valdeblore.fr\/index.php?rest_route=\/wp\/v2\/posts\/3006"}],"collection":[{"href":"https:\/\/ville-valdeblore.fr\/index.php?rest_route=\/wp\/v2\/posts"}],"about":[{"href":"https:\/\/ville-valdeblore.fr\/index.php?rest_route=\/wp\/v2\/types\/post"}],"author":[{"embeddable":true,"href":"https:\/\/ville-valdeblore.fr\/index.php?rest_route=\/wp\/v2\/users\/2"}],"replies":[{"embeddable":true,"href":"https:\/\/ville-valdeblore.fr\/index.php?rest_route=%2Fwp%2Fv2%2Fcomments&post=3006"}],"version-history":[{"count":5,"href":"https:\/\/ville-valdeblore.fr\/index.php?rest_route=\/wp\/v2\/posts\/3006\/revisions"}],"predecessor-version":[{"id":3890,"href":"https:\/\/ville-valdeblore.fr\/index.php?rest_route=\/wp\/v2\/posts\/3006\/revisions\/3890"}],"wp:featuredmedia":[{"embeddable":true,"href":"https:\/\/ville-valdeblore.fr\/index.php?rest_route=\/wp\/v2\/media\/3008"}],"wp:attachment":[{"href":"https:\/\/ville-valdeblore.fr\/index.php?rest_route=%2Fwp%2Fv2%2Fmedia&parent=3006"}],"wp:term":[{"taxonomy":"category","embeddable":true,"href":"https:\/\/ville-valdeblore.fr\/index.php?rest_route=%2Fwp%2Fv2%2Fcategories&post=3006"},{"taxonomy":"post_tag","embeddable":true,"href":"https:\/\/ville-valdeblore.fr\/index.php?rest_route=%2Fwp%2Fv2%2Ftags&post=3006"}],"curies":[{"name":"wp","href":"https:\/\/api.w.org\/{rel}","templated":true}]}}