{"id":3001,"date":"2015-10-27T10:27:46","date_gmt":"2015-10-27T09:27:46","guid":{"rendered":"https:\/\/ville-valdeblore.fr\/?p=3001"},"modified":"2015-12-16T09:01:04","modified_gmt":"2015-12-16T08:01:04","slug":"edifice-cultuel-mollieres-2","status":"publish","type":"post","link":"https:\/\/ville-valdeblore.fr\/?p=3001","title":{"rendered":"\u00c9difice religieux de Molli\u00e8res"},"content":{"rendered":"<p>L\u2019\u00c9glise date de 1647. Le b\u00e9nitier porte la date de 1771. Elle \u00e9tait d\u00e9di\u00e9e \u00e0 Notre Dame des Gr\u00e2ces, et pour longtemps consid\u00e9r\u00e9e \u00ab Cappellania \u00bb.<\/p>\n<p>En 1734 l\u2019\u00e9glise portait d\u00e9j\u00e0 le nom de M.V. Assunta.<\/p>\n<p>En 1805, l\u2019\u00e9glise de Molli\u00e8res fut \u00e9lev\u00e9e au rang de Paroisse par le d\u00e9cret de Mons.<\/p>\n<p><a href=\"https:\/\/ville-valdeblore.fr\/wp-content\/uploads\/2015\/10\/Molli\u00e8res-1.jpg\"><img loading=\"lazy\" decoding=\"async\" class=\"size-medium wp-image-3003 alignleft\" src=\"https:\/\/ville-valdeblore.fr\/wp-content\/uploads\/2015\/10\/Molli\u00e8res-1-225x300.jpg\" alt=\"Molli\u00e8res 1\" width=\"225\" height=\"300\" srcset=\"https:\/\/ville-valdeblore.fr\/wp-content\/uploads\/2015\/10\/Molli\u00e8res-1-225x300.jpg 225w, https:\/\/ville-valdeblore.fr\/wp-content\/uploads\/2015\/10\/Molli\u00e8res-1-320x427.jpg 320w, https:\/\/ville-valdeblore.fr\/wp-content\/uploads\/2015\/10\/Molli\u00e8res-1.jpg 480w\" sizes=\"(max-width: 225px) 100vw, 225px\" \/><\/a>La paroisse de Molli\u00e8res a appartenu au Dioc\u00e8se de Nice jusqu\u2019en 1863. A cette \u00e9poque, \u00e0 la suite d\u2019un changement de nationalit\u00e9 en rapport au reste du Dioc\u00e8se par effet du trait\u00e9 franco-sarde de 1861, un r\u00e9ajustement du c\u00f4t\u00e9 eccl\u00e9siastique s\u2019imposait. Par bulle pontificale en date du 24 juillet 1861 et acte consistorial du 17 juin 1863, la Paroisse passait au Dioc\u00e8se de Cuneo. Mais le d\u00e9membrement ne devenait effectif que le 31 d\u00e9cembre de la m\u00eame ann\u00e9e, apr\u00e8s le Royal Exequatur du 26 d\u00e9cembre.<\/p>\n<p>En 1871, comme il appara\u00eet d\u2019ailleurs sur la st\u00e8le sur le c\u00f4t\u00e9 droit en entrant dans l\u2019\u00e9glise, celle-ci a \u00e9t\u00e9 r\u00e9-consacr\u00e9e par Mons.<\/p>\n<p>La fa\u00e7ade a toujours \u00e9t\u00e9 enduite et badigeonn\u00e9e \u00e0 la chaux, blanche \u00e0 l\u2019origine, bleue lors d\u2019une peinture d\u2019entretien au d\u00e9but du XX\u00e8 si\u00e8cle. Une st\u00e8le fix\u00e9e en fa\u00e7ade porte les noms des jeunes Molli\u00e9rois tomb\u00e9s au combat lors des deux guerres. Les soldats mobilis\u00e9s de 1939-45 ont presque tous perdu la vie sur le front russe en 1943 et leur corps y est rest\u00e9&#8230; Cette st\u00e8le r\u00e9v\u00e8le de mani\u00e8re \u00e9mouvante le lourd tribut pay\u00e9 lors de ces deux conflits par une petite population montagnarde comme celle de Molli\u00e8res.<\/p>\n<p>On appr\u00e9ciera la richesse du travail d\u2019\u00e9b\u00e9nisterie de la porte \u00e0 multiples panneaux.<\/p>\n<p>L\u2019int\u00e9rieur a aussi subi des peintures successives. La couleur actuelle, cr\u00e8me, a recouvert un badigeon gris bleut\u00e9, agr\u00e9ment\u00e9 de nombreux motifs d\u00e9coratifs. On y observera le b\u00e9nitier \u00e0 droite en entrant, les tableaux ornant les chapelles lat\u00e9rales de Saint-Maurice \u00e0 gauche, de Saint-Joseph \u00e0 droite. On appr\u00e9ciera surtout le caract\u00e8re monumental du <a href=\"https:\/\/ville-valdeblore.fr\/wp-content\/uploads\/2015\/10\/Molli\u00e8res.jpg\"><img loading=\"lazy\" decoding=\"async\" class=\"alignright wp-image-2907 size-thumbnail\" src=\"https:\/\/ville-valdeblore.fr\/wp-content\/uploads\/2015\/10\/Molli\u00e8res-150x150.jpg\" alt=\"Molli\u00e8res\" width=\"150\" height=\"150\" \/><\/a>retable, avec ses bois sculpt\u00e9s, color\u00e9s ou dor\u00e9s, et son tableau central repr\u00e9sentant la Vierge en majest\u00e9 (\u00e0 qui est consacr\u00e9e l\u2019\u00e9glise). Ce tableau \u00e9mane de l\u2019Ecole de peinture de Florence et comporte une qualit\u00e9 artistique certaine. On imagine les d\u00e9marches et les d\u00e9penses qu\u2019ont d\u00fb faire les Molli\u00e9rois d\u2019alors. Bois orn\u00e9s et tableau ont \u00e9t\u00e9, du fait de leur valeur, enti\u00e8rement restaur\u00e9s par les Beaux-Arts en 2003. La galerie en bois au fond de l\u2019\u00e9glise et la chaire surmontant le confessionnal, en bois travaill\u00e9, compl\u00e8tent la richesse de cette \u00e9glise aux vastes proportions.<\/p>\n<p>&nbsp;<\/p>\n<p>&nbsp;<\/p>\n<div class='photo-galleria' ><div class=\"wpmf-gallerys wpmf-gallerys-life \" ><div id=\"gallery-1\" class=\"gallery gallery_life wpmf_gallery_default gallery_default  gallery-columns-3 gallery-size-thumbnail gallery-link-file wpmf-has-border-radius-0 wpmf-gutterwidth-5 no_ratio\"><figure class=\"wpmf-gallery-item\" data-index=\"0\"><div class=\"wpmf-gallery-icon\"><div class=\"square_thumbnail\"><div class=\"img_centered\"><a class=\" not_video noLightbox\" data-lightbox=\"1\" data-href=\"https:\/\/ville-valdeblore.fr\/wp-content\/uploads\/2015\/11\/Molli\u00e8res-18-1024x523.jpg\" title=\"Molli\u00e8res (18)\" target=\"_self\" data-index=\"0\"><img decoding=\"async\" class=\"wpmf_img\" alt=\"Molli\u00e8res (18)\" src=\"https:\/\/ville-valdeblore.fr\/wp-content\/uploads\/2015\/11\/Molli\u00e8res-18-150x150.jpg\" data-type=\"wpmfgalleryimg\" data-lazy-src=\"https:\/\/ville-valdeblore.fr\/wp-content\/uploads\/2015\/11\/Molli\u00e8res-18-150x150.jpg\"><\/a><\/div><\/div><\/div><\/figure><figure class=\"wpmf-gallery-item\" data-index=\"1\"><div class=\"wpmf-gallery-icon\"><div class=\"square_thumbnail\"><div class=\"img_centered\"><a class=\" not_video noLightbox\" data-lightbox=\"1\" data-href=\"https:\/\/ville-valdeblore.fr\/wp-content\/uploads\/2015\/11\/Molli\u00e8res-10.jpg\" title=\"Molli\u00e8res (10)\" target=\"_self\" data-index=\"1\"><img decoding=\"async\" class=\"wpmf_img\" alt=\"Molli\u00e8res (10)\" src=\"https:\/\/ville-valdeblore.fr\/wp-content\/uploads\/2015\/11\/Molli\u00e8res-10-150x150.jpg\" data-type=\"wpmfgalleryimg\" data-lazy-src=\"https:\/\/ville-valdeblore.fr\/wp-content\/uploads\/2015\/11\/Molli\u00e8res-10-150x150.jpg\"><\/a><\/div><\/div><\/div><\/figure><figure class=\"wpmf-gallery-item\" data-index=\"2\"><div class=\"wpmf-gallery-icon\"><div class=\"square_thumbnail\"><div class=\"img_centered\"><a class=\" not_video noLightbox\" data-lightbox=\"1\" data-href=\"https:\/\/ville-valdeblore.fr\/wp-content\/uploads\/2015\/11\/Molli\u00e8res-11.jpg\" title=\"Molli\u00e8res (11)\" target=\"_self\" data-index=\"2\"><img decoding=\"async\" class=\"wpmf_img\" alt=\"Molli\u00e8res (11)\" src=\"https:\/\/ville-valdeblore.fr\/wp-content\/uploads\/2015\/11\/Molli\u00e8res-11-150x150.jpg\" data-type=\"wpmfgalleryimg\" data-lazy-src=\"https:\/\/ville-valdeblore.fr\/wp-content\/uploads\/2015\/11\/Molli\u00e8res-11-150x150.jpg\"><\/a><\/div><\/div><\/div><\/figure><figure class=\"wpmf-gallery-item\" data-index=\"3\"><div class=\"wpmf-gallery-icon\"><div class=\"square_thumbnail\"><div class=\"img_centered\"><a class=\" not_video noLightbox\" data-lightbox=\"1\" data-href=\"https:\/\/ville-valdeblore.fr\/wp-content\/uploads\/2015\/11\/Molli\u00e8res-2.jpg\" title=\"Molli\u00e8res (2)\" target=\"_self\" data-index=\"3\"><img decoding=\"async\" class=\"wpmf_img\" alt=\"Molli\u00e8res (2)\" src=\"https:\/\/ville-valdeblore.fr\/wp-content\/uploads\/2015\/11\/Molli\u00e8res-2-150x150.jpg\" data-type=\"wpmfgalleryimg\" data-lazy-src=\"https:\/\/ville-valdeblore.fr\/wp-content\/uploads\/2015\/11\/Molli\u00e8res-2-150x150.jpg\"><\/a><\/div><\/div><\/div><\/figure><figure class=\"wpmf-gallery-item\" data-index=\"4\"><div class=\"wpmf-gallery-icon\"><div class=\"square_thumbnail\"><div class=\"img_centered\"><a class=\" not_video noLightbox\" data-lightbox=\"1\" data-href=\"https:\/\/ville-valdeblore.fr\/wp-content\/uploads\/2015\/11\/Molli\u00e8res-6.jpg\" title=\"Molli\u00e8res (6)\" target=\"_self\" data-index=\"4\"><img decoding=\"async\" class=\"wpmf_img\" alt=\"Molli\u00e8res (6)\" src=\"https:\/\/ville-valdeblore.fr\/wp-content\/uploads\/2015\/11\/Molli\u00e8res-6-150x150.jpg\" data-type=\"wpmfgalleryimg\" data-lazy-src=\"https:\/\/ville-valdeblore.fr\/wp-content\/uploads\/2015\/11\/Molli\u00e8res-6-150x150.jpg\"><\/a><\/div><\/div><\/div><\/figure><figure class=\"wpmf-gallery-item\" data-index=\"5\"><div class=\"wpmf-gallery-icon\"><div class=\"square_thumbnail\"><div class=\"img_centered\"><a class=\" not_video noLightbox\" data-lightbox=\"1\" data-href=\"https:\/\/ville-valdeblore.fr\/wp-content\/uploads\/2015\/11\/Molli\u00e8res-8.jpg\" title=\"Molli\u00e8res (8)\" target=\"_self\" data-index=\"5\"><img decoding=\"async\" class=\"wpmf_img\" alt=\"Molli\u00e8res (8)\" src=\"https:\/\/ville-valdeblore.fr\/wp-content\/uploads\/2015\/11\/Molli\u00e8res-8-150x150.jpg\" data-type=\"wpmfgalleryimg\" data-lazy-src=\"https:\/\/ville-valdeblore.fr\/wp-content\/uploads\/2015\/11\/Molli\u00e8res-8-150x150.jpg\"><\/a><\/div><\/div><\/div><\/figure><figure class=\"wpmf-gallery-item\" data-index=\"6\"><div class=\"wpmf-gallery-icon\"><div class=\"square_thumbnail\"><div class=\"img_centered\"><a class=\" not_video noLightbox\" data-lightbox=\"1\" data-href=\"https:\/\/ville-valdeblore.fr\/wp-content\/uploads\/2015\/10\/Molli\u00e8res-1.jpg\" title=\"Molli\u00e8res 1\" target=\"_self\" data-index=\"6\"><img decoding=\"async\" class=\"wpmf_img\" alt=\"Molli\u00e8res 1\" src=\"https:\/\/ville-valdeblore.fr\/wp-content\/uploads\/2015\/10\/Molli\u00e8res-1-150x150.jpg\" data-type=\"wpmfgalleryimg\" data-lazy-src=\"https:\/\/ville-valdeblore.fr\/wp-content\/uploads\/2015\/10\/Molli\u00e8res-1-150x150.jpg\"><\/a><\/div><\/div><\/div><\/figure><figure class=\"wpmf-gallery-item\" data-index=\"7\"><div class=\"wpmf-gallery-icon\"><div class=\"square_thumbnail\"><div class=\"img_centered\"><a class=\" not_video noLightbox\" data-lightbox=\"1\" data-href=\"https:\/\/ville-valdeblore.fr\/wp-content\/uploads\/2015\/10\/Molli\u00e8res-2.jpg\" title=\"Molli\u00e8res 2\" target=\"_self\" data-index=\"7\"><img decoding=\"async\" class=\"wpmf_img\" alt=\"Molli\u00e8res 2\" src=\"https:\/\/ville-valdeblore.fr\/wp-content\/uploads\/2015\/10\/Molli\u00e8res-2-150x150.jpg\" data-type=\"wpmfgalleryimg\" data-lazy-src=\"https:\/\/ville-valdeblore.fr\/wp-content\/uploads\/2015\/10\/Molli\u00e8res-2-150x150.jpg\"><\/a><\/div><\/div><\/div><\/figure><\/div><\/div><\/div><!-- .photo-galleria -->\n<div id=\"themify_builder_content-3001\" data-postid=\"3001\" class=\"themify_builder_content themify_builder_content-3001 themify_builder\">\n\n    <\/div>\n<!-- \/themify_builder_content -->","protected":false},"excerpt":{"rendered":"<p>L\u2019\u00c9glise date de 1647. Le b\u00e9nitier porte la date de 1771. Elle \u00e9tait d\u00e9di\u00e9e \u00e0 Notre Dame des Gr\u00e2ces, et pour longtemps consid\u00e9r\u00e9e \u00ab Cappellania \u00bb. En 1734 l\u2019\u00e9glise portait [&hellip;]<\/p>\n","protected":false},"author":2,"featured_media":3050,"comment_status":"closed","ping_status":"closed","sticky":false,"template":"","format":"standard","meta":{"footnotes":""},"categories":[151,78,129],"tags":[],"yoast_head":"<!-- This site is optimized with the Yoast SEO plugin v23.0 - https:\/\/yoast.com\/wordpress\/plugins\/seo\/ -->\n<title>\u00c9difice religieux de Molli\u00e8res - Valdeblore<\/title>\n<meta name=\"robots\" content=\"index, follow, max-snippet:-1, max-image-preview:large, max-video-preview:-1\" \/>\n<link rel=\"canonical\" href=\"https:\/\/ville-valdeblore.fr\/?p=3001\" \/>\n<meta property=\"og:locale\" content=\"fr_FR\" \/>\n<meta property=\"og:type\" content=\"article\" \/>\n<meta property=\"og:title\" content=\"\u00c9difice religieux de Molli\u00e8res - Valdeblore\" \/>\n<meta property=\"og:description\" content=\"L\u2019\u00c9glise date de 1647. Le b\u00e9nitier porte la date de 1771. Elle \u00e9tait d\u00e9di\u00e9e \u00e0 Notre Dame des Gr\u00e2ces, et pour longtemps consid\u00e9r\u00e9e \u00ab Cappellania \u00bb. En 1734 l\u2019\u00e9glise portait [&hellip;]\" \/>\n<meta property=\"og:url\" content=\"https:\/\/ville-valdeblore.fr\/?p=3001\" \/>\n<meta property=\"og:site_name\" content=\"Valdeblore\" \/>\n<meta property=\"article:published_time\" content=\"2015-10-27T09:27:46+00:00\" \/>\n<meta property=\"article:modified_time\" content=\"2015-12-16T08:01:04+00:00\" \/>\n<meta property=\"og:image\" content=\"https:\/\/ville-valdeblore.fr\/wp-content\/uploads\/2015\/10\/20061118150950430_0001.jpg\" \/>\n\t<meta property=\"og:image:width\" content=\"2851\" \/>\n\t<meta property=\"og:image:height\" content=\"2104\" \/>\n\t<meta property=\"og:image:type\" content=\"image\/jpeg\" \/>\n<meta name=\"author\" content=\"Admin Valdeblore\" \/>\n<meta name=\"twitter:label1\" content=\"\u00c9crit par\" \/>\n\t<meta name=\"twitter:data1\" content=\"Admin Valdeblore\" \/>\n\t<meta name=\"twitter:label2\" content=\"Dur\u00e9e de lecture estim\u00e9e\" \/>\n\t<meta name=\"twitter:data2\" content=\"2 minutes\" \/>\n<script type=\"application\/ld+json\" class=\"yoast-schema-graph\">{\"@context\":\"https:\/\/schema.org\",\"@graph\":[{\"@type\":\"WebPage\",\"@id\":\"https:\/\/ville-valdeblore.fr\/?p=3001\",\"url\":\"https:\/\/ville-valdeblore.fr\/?p=3001\",\"name\":\"\u00c9difice religieux de Molli\u00e8res - Valdeblore\",\"isPartOf\":{\"@id\":\"https:\/\/ville-valdeblore.fr\/#website\"},\"primaryImageOfPage\":{\"@id\":\"https:\/\/ville-valdeblore.fr\/?p=3001#primaryimage\"},\"image\":{\"@id\":\"https:\/\/ville-valdeblore.fr\/?p=3001#primaryimage\"},\"thumbnailUrl\":\"https:\/\/ville-valdeblore.fr\/wp-content\/uploads\/2015\/10\/20061118150950430_0001.jpg\",\"datePublished\":\"2015-10-27T09:27:46+00:00\",\"dateModified\":\"2015-12-16T08:01:04+00:00\",\"author\":{\"@id\":\"https:\/\/ville-valdeblore.fr\/#\/schema\/person\/104c4e7b310a99c82a507dc2c5c67939\"},\"breadcrumb\":{\"@id\":\"https:\/\/ville-valdeblore.fr\/?p=3001#breadcrumb\"},\"inLanguage\":\"fr-FR\",\"potentialAction\":[{\"@type\":\"ReadAction\",\"target\":[\"https:\/\/ville-valdeblore.fr\/?p=3001\"]}]},{\"@type\":\"ImageObject\",\"inLanguage\":\"fr-FR\",\"@id\":\"https:\/\/ville-valdeblore.fr\/?p=3001#primaryimage\",\"url\":\"https:\/\/ville-valdeblore.fr\/wp-content\/uploads\/2015\/10\/20061118150950430_0001.jpg\",\"contentUrl\":\"https:\/\/ville-valdeblore.fr\/wp-content\/uploads\/2015\/10\/20061118150950430_0001.jpg\",\"width\":2851,\"height\":2104},{\"@type\":\"BreadcrumbList\",\"@id\":\"https:\/\/ville-valdeblore.fr\/?p=3001#breadcrumb\",\"itemListElement\":[{\"@type\":\"ListItem\",\"position\":1,\"name\":\"Accueil\",\"item\":\"https:\/\/ville-valdeblore.fr\/\"},{\"@type\":\"ListItem\",\"position\":2,\"name\":\"\u00c9difice religieux de Molli\u00e8res\"}]},{\"@type\":\"WebSite\",\"@id\":\"https:\/\/ville-valdeblore.fr\/#website\",\"url\":\"https:\/\/ville-valdeblore.fr\/\",\"name\":\"Valdeblore\",\"description\":\"Entre Tin\u00e9e et V\u00e9subie\",\"potentialAction\":[{\"@type\":\"SearchAction\",\"target\":{\"@type\":\"EntryPoint\",\"urlTemplate\":\"https:\/\/ville-valdeblore.fr\/?s={search_term_string}\"},\"query-input\":\"required name=search_term_string\"}],\"inLanguage\":\"fr-FR\"},{\"@type\":\"Person\",\"@id\":\"https:\/\/ville-valdeblore.fr\/#\/schema\/person\/104c4e7b310a99c82a507dc2c5c67939\",\"name\":\"Admin Valdeblore\",\"image\":{\"@type\":\"ImageObject\",\"inLanguage\":\"fr-FR\",\"@id\":\"https:\/\/ville-valdeblore.fr\/#\/schema\/person\/image\/\",\"url\":\"https:\/\/secure.gravatar.com\/avatar\/14a7316c2542aa289e4591f671d8e16c?s=96&d=mm&r=g\",\"contentUrl\":\"https:\/\/secure.gravatar.com\/avatar\/14a7316c2542aa289e4591f671d8e16c?s=96&d=mm&r=g\",\"caption\":\"Admin Valdeblore\"},\"url\":\"https:\/\/ville-valdeblore.fr\/?author=2\"}]}<\/script>\n<!-- \/ Yoast SEO plugin. -->","yoast_head_json":{"title":"\u00c9difice religieux de Molli\u00e8res - Valdeblore","robots":{"index":"index","follow":"follow","max-snippet":"max-snippet:-1","max-image-preview":"max-image-preview:large","max-video-preview":"max-video-preview:-1"},"canonical":"https:\/\/ville-valdeblore.fr\/?p=3001","og_locale":"fr_FR","og_type":"article","og_title":"\u00c9difice religieux de Molli\u00e8res - Valdeblore","og_description":"L\u2019\u00c9glise date de 1647. Le b\u00e9nitier porte la date de 1771. Elle \u00e9tait d\u00e9di\u00e9e \u00e0 Notre Dame des Gr\u00e2ces, et pour longtemps consid\u00e9r\u00e9e \u00ab Cappellania \u00bb. En 1734 l\u2019\u00e9glise portait [&hellip;]","og_url":"https:\/\/ville-valdeblore.fr\/?p=3001","og_site_name":"Valdeblore","article_published_time":"2015-10-27T09:27:46+00:00","article_modified_time":"2015-12-16T08:01:04+00:00","og_image":[{"width":2851,"height":2104,"url":"https:\/\/ville-valdeblore.fr\/wp-content\/uploads\/2015\/10\/20061118150950430_0001.jpg","type":"image\/jpeg"}],"author":"Admin Valdeblore","twitter_misc":{"\u00c9crit par":"Admin Valdeblore","Dur\u00e9e de lecture estim\u00e9e":"2 minutes"},"schema":{"@context":"https:\/\/schema.org","@graph":[{"@type":"WebPage","@id":"https:\/\/ville-valdeblore.fr\/?p=3001","url":"https:\/\/ville-valdeblore.fr\/?p=3001","name":"\u00c9difice religieux de Molli\u00e8res - Valdeblore","isPartOf":{"@id":"https:\/\/ville-valdeblore.fr\/#website"},"primaryImageOfPage":{"@id":"https:\/\/ville-valdeblore.fr\/?p=3001#primaryimage"},"image":{"@id":"https:\/\/ville-valdeblore.fr\/?p=3001#primaryimage"},"thumbnailUrl":"https:\/\/ville-valdeblore.fr\/wp-content\/uploads\/2015\/10\/20061118150950430_0001.jpg","datePublished":"2015-10-27T09:27:46+00:00","dateModified":"2015-12-16T08:01:04+00:00","author":{"@id":"https:\/\/ville-valdeblore.fr\/#\/schema\/person\/104c4e7b310a99c82a507dc2c5c67939"},"breadcrumb":{"@id":"https:\/\/ville-valdeblore.fr\/?p=3001#breadcrumb"},"inLanguage":"fr-FR","potentialAction":[{"@type":"ReadAction","target":["https:\/\/ville-valdeblore.fr\/?p=3001"]}]},{"@type":"ImageObject","inLanguage":"fr-FR","@id":"https:\/\/ville-valdeblore.fr\/?p=3001#primaryimage","url":"https:\/\/ville-valdeblore.fr\/wp-content\/uploads\/2015\/10\/20061118150950430_0001.jpg","contentUrl":"https:\/\/ville-valdeblore.fr\/wp-content\/uploads\/2015\/10\/20061118150950430_0001.jpg","width":2851,"height":2104},{"@type":"BreadcrumbList","@id":"https:\/\/ville-valdeblore.fr\/?p=3001#breadcrumb","itemListElement":[{"@type":"ListItem","position":1,"name":"Accueil","item":"https:\/\/ville-valdeblore.fr\/"},{"@type":"ListItem","position":2,"name":"\u00c9difice religieux de Molli\u00e8res"}]},{"@type":"WebSite","@id":"https:\/\/ville-valdeblore.fr\/#website","url":"https:\/\/ville-valdeblore.fr\/","name":"Valdeblore","description":"Entre Tin\u00e9e et V\u00e9subie","potentialAction":[{"@type":"SearchAction","target":{"@type":"EntryPoint","urlTemplate":"https:\/\/ville-valdeblore.fr\/?s={search_term_string}"},"query-input":"required name=search_term_string"}],"inLanguage":"fr-FR"},{"@type":"Person","@id":"https:\/\/ville-valdeblore.fr\/#\/schema\/person\/104c4e7b310a99c82a507dc2c5c67939","name":"Admin Valdeblore","image":{"@type":"ImageObject","inLanguage":"fr-FR","@id":"https:\/\/ville-valdeblore.fr\/#\/schema\/person\/image\/","url":"https:\/\/secure.gravatar.com\/avatar\/14a7316c2542aa289e4591f671d8e16c?s=96&d=mm&r=g","contentUrl":"https:\/\/secure.gravatar.com\/avatar\/14a7316c2542aa289e4591f671d8e16c?s=96&d=mm&r=g","caption":"Admin Valdeblore"},"url":"https:\/\/ville-valdeblore.fr\/?author=2"}]}},"publishpress_future_action":{"enabled":false,"date":"2026-05-07 20:35:53","action":"change-status","newStatus":"draft","terms":[],"taxonomy":"category"},"_links":{"self":[{"href":"https:\/\/ville-valdeblore.fr\/index.php?rest_route=\/wp\/v2\/posts\/3001"}],"collection":[{"href":"https:\/\/ville-valdeblore.fr\/index.php?rest_route=\/wp\/v2\/posts"}],"about":[{"href":"https:\/\/ville-valdeblore.fr\/index.php?rest_route=\/wp\/v2\/types\/post"}],"author":[{"embeddable":true,"href":"https:\/\/ville-valdeblore.fr\/index.php?rest_route=\/wp\/v2\/users\/2"}],"replies":[{"embeddable":true,"href":"https:\/\/ville-valdeblore.fr\/index.php?rest_route=%2Fwp%2Fv2%2Fcomments&post=3001"}],"version-history":[{"count":5,"href":"https:\/\/ville-valdeblore.fr\/index.php?rest_route=\/wp\/v2\/posts\/3001\/revisions"}],"predecessor-version":[{"id":3051,"href":"https:\/\/ville-valdeblore.fr\/index.php?rest_route=\/wp\/v2\/posts\/3001\/revisions\/3051"}],"wp:featuredmedia":[{"embeddable":true,"href":"https:\/\/ville-valdeblore.fr\/index.php?rest_route=\/wp\/v2\/media\/3050"}],"wp:attachment":[{"href":"https:\/\/ville-valdeblore.fr\/index.php?rest_route=%2Fwp%2Fv2%2Fmedia&parent=3001"}],"wp:term":[{"taxonomy":"category","embeddable":true,"href":"https:\/\/ville-valdeblore.fr\/index.php?rest_route=%2Fwp%2Fv2%2Fcategories&post=3001"},{"taxonomy":"post_tag","embeddable":true,"href":"https:\/\/ville-valdeblore.fr\/index.php?rest_route=%2Fwp%2Fv2%2Ftags&post=3001"}],"curies":[{"name":"wp","href":"https:\/\/api.w.org\/{rel}","templated":true}]}}